{"id":121548,"date":"2020-07-01T06:00:00","date_gmt":"2020-07-01T11:00:00","guid":{"rendered":"https:\/\/plazajuarez.mx\/?p=121548"},"modified":"2020-06-30T23:44:34","modified_gmt":"2020-07-01T04:44:34","slug":"bernal-froome-y-quintana-correran-un-tour-virtual","status":"publish","type":"post","link":"https:\/\/plazajuarez.mx\/historico\/bernal-froome-y-quintana-correran-un-tour-virtual\/","title":{"rendered":"Bernal, Froome y Quintana correr\u00e1n un Tour virtual"},"content":{"rendered":"\n<ul class=\"wp-block-list\"><li><strong>A lo largo de tres fines de semana los participantes completar\u00e1n seis etapas<\/strong><\/li><\/ul>\n\n\n\n<!--more-->\n\n\n\n<p>(EFE).- Ciclistas de la talla de los colombianos Egan Bernal y Nairo Quintana, o del brit\u00e1nico Chris Froome, correr\u00e1n a partir del pr\u00f3ximo s\u00e1bado un Tour de Francia virtual a trav\u00e9s de una aplicaci\u00f3n de juego, una iniciativa cuyos beneficios ser\u00e1n destinados a fines sociales.&nbsp;<\/p>\n\n\n\n<p>A lo largo de tres fines de semana los participantes completar\u00e1n seis etapas, muchas de ellas inspiradas en el recorrido que estos d\u00edas tendr\u00edan que estar completando de no haber sido porque la carrera fue retrasada a causa de la pandemia de coronavirus.&nbsp;<\/p>\n\n\n\n<p>Las diferentes etapas, que recorrer\u00e1n en los rodillos de sus bicicletas conectados a una plataforma, tendr\u00e1n entre 22,9 y 48 kil\u00f3metros, indicaron los organizadores del Tour de Francia en un comunicado.&nbsp;<\/p>\n\n\n\n<p>&#8220;No me imaginaba un mes de julio sin ciclismo&#8221;, asegur\u00f3 el director de la prueba, Christian Prudhomme.&nbsp;<\/p>\n\n\n\n<p>La primera de las etapas se disputar\u00e1 el s\u00e1bado pr\u00f3ximo y tendr\u00e1 como escenario virtual la localidad de Niza, donde deb\u00eda haber comenzado una semana antes el Tour y donde tiene previsto empezar el pr\u00f3ximo 29 de agosto.&nbsp; EFE<\/p>\n","protected":false},"excerpt":{"rendered":"<p>A lo largo de tres fines de semana los participantes completar\u00e1n seis etapas<\/p>\n","protected":false},"author":80,"featured_media":0,"comment_status":"closed","ping_status":"open","sticky":false,"template":"","format":"standard","meta":{"footnotes":""},"categories":[39],"tags":[],"class_list":["post-121548","post","type-post","status-publish","format-standard","hentry","category-deportiva"],"_links":{"self":[{"href":"https:\/\/plazajuarez.mx\/historico\/wp-json\/wp\/v2\/posts\/121548","targetHints":{"allow":["GET"]}}],"collection":[{"href":"https:\/\/plazajuarez.mx\/historico\/wp-json\/wp\/v2\/posts"}],"about":[{"href":"https:\/\/plazajuarez.mx\/historico\/wp-json\/wp\/v2\/types\/post"}],"author":[{"embeddable":true,"href":"https:\/\/plazajuarez.mx\/historico\/wp-json\/wp\/v2\/users\/80"}],"replies":[{"embeddable":true,"href":"https:\/\/plazajuarez.mx\/historico\/wp-json\/wp\/v2\/comments?post=121548"}],"version-history":[{"count":0,"href":"https:\/\/plazajuarez.mx\/historico\/wp-json\/wp\/v2\/posts\/121548\/revisions"}],"wp:attachment":[{"href":"https:\/\/plazajuarez.mx\/historico\/wp-json\/wp\/v2\/media?parent=121548"}],"wp:term":[{"taxonomy":"category","embeddable":true,"href":"https:\/\/plazajuarez.mx\/historico\/wp-json\/wp\/v2\/categories?post=121548"},{"taxonomy":"post_tag","embeddable":true,"href":"https:\/\/plazajuarez.mx\/historico\/wp-json\/wp\/v2\/tags?post=121548"}],"curies":[{"name":"wp","href":"https:\/\/api.w.org\/{rel}","templated":true}]}}