{"id":121547,"date":"2020-07-01T06:00:00","date_gmt":"2020-07-01T11:00:00","guid":{"rendered":"https:\/\/plazajuarez.mx\/?p=121547"},"modified":"2020-06-30T23:46:06","modified_gmt":"2020-07-01T04:46:06","slug":"venegas-ofrece-en-linea-la-enamorada","status":"publish","type":"post","link":"https:\/\/plazajuarez.mx\/historico\/venegas-ofrece-en-linea-la-enamorada\/","title":{"rendered":"Venegas ofrece en l\u00ednea &#8220;La Enamorada&#8221;"},"content":{"rendered":"\n<ul class=\"wp-block-list\"><li><strong>La obra, dirigida por Guillermo Cacace, es un mon\u00f3logo en el que una mujer, encarnada por la cantante, reflexiona sobre su pasado<\/strong><\/li><\/ul>\n\n\n\n<!--more-->\n\n\n\n<p>Despu\u00e9s de representar en Argentina por varios meses la obra de Santiago Loza &#8220;La Enamorada&#8221;, Julieta Venegas ofrecer\u00e1 el pr\u00f3ximo 3 de julio una representaci\u00f3n en l\u00ednea para su p\u00fablico mexicano de la obra con intenci\u00f3n de que &#8220;no se apaguen las ganas de verlo en p\u00fablico&#8221;, dijo en conferencia virtual.<\/p>\n\n\n\n<p>La obra, dirigida por Guillermo Cacace, es un mon\u00f3logo en el que una mujer, encarnada por Venegas, reflexiona sobre su pasado y cuenta numerosas an\u00e9cdotas del mismo en una obra que mezcla lo musical, lo po\u00e9tico y lo pl\u00e1stico.<\/p>\n\n\n\n<p>Para la cantante y todo el equipo que forma parte del proyecto era importante traer &#8220;La enamorada&#8221; a M\u00e9xico y, despu\u00e9s de esta representaci\u00f3n a trav\u00e9s de eticket, programan que en enero pueda presentarse en teatros de M\u00e9xico.<\/p>\n\n\n\n<p>Y, a pesar de estas ganas de contar la historia de la mujer protagonista a un p\u00fablico cercano y presente en la sala, la cantante consider\u00f3 que, en una situaci\u00f3n compleja e incierta como est\u00e1 siendo la pandemia mundial por coronavirus, hay que intentar pensar en adaptarse al momento.<\/p>\n\n\n\n<p>&#8220;Sigo pensando que no hay que pensar qu\u00e9 hacer cuando esto termine, sino, durante el tiempo que no podremos hacer lo que pod\u00edamos, acomodarnos en la incertidumbre y encontrar cosas que no sab\u00edamos que iban a suceder. Todo pasa por algo, hay que aprovecharlo&#8221;, expres\u00f3 Venegas en conferencia virtual.<\/p>\n\n\n\n<p>La cantante confes\u00f3 que dentro del desconocimiento de lo que va a pasar, hay algo que le inspira de la dificultad.<\/p>\n\n\n\n<p>Puede que sucediese lo mismo con &#8220;La enamorada&#8221;, ya que nunca antes hab\u00eda protagonizado una obra de teatro y siempre hab\u00eda disfrutado m\u00e1s como espectadora que sobre las tablas.<\/p>\n\n\n\n<p>Despu\u00e9s de leer el texto de Santiago Loza, Venegas le escribi\u00f3 al autor para darle la enhorabuena y agradecerle esta pieza con el que tanto hab\u00eda disfrutado. Inmediatamente \u00e9l le dijo que hab\u00eda una productora buscando a alguien para interpretarlo.<\/p>\n\n\n\n<p>&#8220;Le\u00ed el texto de Santiago en un libro que encontr\u00e9 y me gust\u00f3 mucho. Me parecieron s\u00faper bonitas las cosas que toca porque con mucha simpleza llega a lugares hermosos y profundos&#8221;, expres\u00f3 la artista tijuanense.<\/p>\n\n\n\n<p>Aunque la cantante al principio ni siquiera lo vio posible, poco a poco fue uni\u00e9ndose a otras personas a trav\u00e9s de una cooperativa y su participaci\u00f3n en &#8220;La Enamorada&#8221; empez\u00f3 a tomar forma.<\/p>\n\n\n\n<p>Adem\u00e1s, durante el montaje se le ocurri\u00f3 que podr\u00edan a\u00f1adir canciones, una idea que termin\u00f3 materializ\u00e1ndose en un disco publicado a finales de 2019.<\/p>\n","protected":false},"excerpt":{"rendered":"<p>La obra, dirigida por Guillermo Cacace, es un mon\u00f3logo en el que una mujer, encarnada por la cantante, reflexiona sobre su pasado<\/p>\n","protected":false},"author":80,"featured_media":0,"comment_status":"closed","ping_status":"open","sticky":false,"template":"","format":"standard","meta":{"footnotes":""},"categories":[38],"tags":[],"class_list":["post-121547","post","type-post","status-publish","format-standard","hentry","category-show"],"_links":{"self":[{"href":"https:\/\/plazajuarez.mx\/historico\/wp-json\/wp\/v2\/posts\/121547","targetHints":{"allow":["GET"]}}],"collection":[{"href":"https:\/\/plazajuarez.mx\/historico\/wp-json\/wp\/v2\/posts"}],"about":[{"href":"https:\/\/plazajuarez.mx\/historico\/wp-json\/wp\/v2\/types\/post"}],"author":[{"embeddable":true,"href":"https:\/\/plazajuarez.mx\/historico\/wp-json\/wp\/v2\/users\/80"}],"replies":[{"embeddable":true,"href":"https:\/\/plazajuarez.mx\/historico\/wp-json\/wp\/v2\/comments?post=121547"}],"version-history":[{"count":0,"href":"https:\/\/plazajuarez.mx\/historico\/wp-json\/wp\/v2\/posts\/121547\/revisions"}],"wp:attachment":[{"href":"https:\/\/plazajuarez.mx\/historico\/wp-json\/wp\/v2\/media?parent=121547"}],"wp:term":[{"taxonomy":"category","embeddable":true,"href":"https:\/\/plazajuarez.mx\/historico\/wp-json\/wp\/v2\/categories?post=121547"},{"taxonomy":"post_tag","embeddable":true,"href":"https:\/\/plazajuarez.mx\/historico\/wp-json\/wp\/v2\/tags?post=121547"}],"curies":[{"name":"wp","href":"https:\/\/api.w.org\/{rel}","templated":true}]}}