{"id":121544,"date":"2020-07-01T06:00:00","date_gmt":"2020-07-01T11:00:00","guid":{"rendered":"https:\/\/plazajuarez.mx\/?p=121544"},"modified":"2020-06-30T23:42:31","modified_gmt":"2020-07-01T04:42:31","slug":"el-alacran-asegura-que-puede-ser-el-mejor-peso-ligero-del-mundo","status":"publish","type":"post","link":"https:\/\/plazajuarez.mx\/historico\/el-alacran-asegura-que-puede-ser-el-mejor-peso-ligero-del-mundo\/","title":{"rendered":"\u201cEL ALACR\u00c1N\u201d ASEGURA QUE PUEDE SER EL MEJOR PESO LIGERO DEL MUNDO"},"content":{"rendered":"\n<ul class=\"wp-block-list\"><li><strong>&#8220;Me sent\u00ed poderoso en 135 libras (peso ligero), tengo la estatura y cuando deje los 130 (superpluma) voy a ser campe\u00f3n mundial en 135&#8221;, se\u00f1al\u00f3 Berchelt<\/strong><\/li><\/ul>\n\n\n\n<!--more-->\n\n\n\n<p>(EFE).- El mexicano Miguel &#8216;Alacr\u00e1n&#8217; Berchelt, campe\u00f3n superpluma del Consejo Mundial de Boxeo (CMB), asegur\u00f3 este martes que se sinti\u00f3 fuerte el pasado s\u00e1bado en el peso ligero y en un futuro se ve como el mejor en esa divisi\u00f3n.<\/p>\n\n\n\n<p>&#8220;Me sent\u00ed poderoso en 135 libras (peso ligero), tengo la estatura y cuando deje los 130 (superpluma) voy a ser campe\u00f3n mundial en 135&#8221;, se\u00f1al\u00f3 Berchelt, considerado uno de los mejores p\u00fagiles del planeta sin l\u00edmite de peso.<\/p>\n\n\n\n<p>Berchelt, con 37 victorias &#8211;33 por la v\u00eda r\u00e1pida&#8211; y un rev\u00e9s, record\u00f3 que una de las mayores expectativas del boxeo en este a\u00f1o es la defensa de su faja contra su compatriota \u00d3scar Valdez y solamente despu\u00e9s de ese pleito, en 130, se plantear\u00e1 subir de categor\u00eda.<\/p>\n\n\n\n<p>&#8220;Todos quieren la pelea contra \u00d3scar; todos me quieren ver contra un exponente dif\u00edcil y \u00d3scar es de lo mejor que hay ahora&#8221;, record\u00f3 el peleador, que espera la celebraci\u00f3n del duelo en alg\u00fan momento de este a\u00f1o.<\/p>\n\n\n\n<p>El s\u00e1bado pasado Berchelt derrot\u00f3 por nocaut en seis asaltos a Eleazar &#8216;Tronco&#8217; Valenzuela en el pleito estelar de una funci\u00f3n a puertas cerradas, la segunda en la capital mexicana en el regreso del pugilismo despu\u00e9s del aislamiento por la COVID-19.<\/p>\n\n\n\n<p>Reconocido como un gran pegador con ambas manos, &#8216;el Alacr\u00e1n&#8217; fue superior a Valenzuela, pero el rival soport\u00f3 de manera admirable y oblig\u00f3 al campe\u00f3n a excederse a 2.240 metros sobre el nivel del mar.<\/p>\n","protected":false},"excerpt":{"rendered":"<p>&#8220;Me sent\u00ed poderoso en 135 libras (peso ligero), tengo la estatura y cuando deje los 130 (superpluma) voy a ser campe\u00f3n mundial en 135&#8221;, se\u00f1al\u00f3 Berchelt<\/p>\n","protected":false},"author":80,"featured_media":0,"comment_status":"closed","ping_status":"open","sticky":false,"template":"","format":"standard","meta":{"footnotes":""},"categories":[39],"tags":[],"class_list":["post-121544","post","type-post","status-publish","format-standard","hentry","category-deportiva"],"_links":{"self":[{"href":"https:\/\/plazajuarez.mx\/historico\/wp-json\/wp\/v2\/posts\/121544","targetHints":{"allow":["GET"]}}],"collection":[{"href":"https:\/\/plazajuarez.mx\/historico\/wp-json\/wp\/v2\/posts"}],"about":[{"href":"https:\/\/plazajuarez.mx\/historico\/wp-json\/wp\/v2\/types\/post"}],"author":[{"embeddable":true,"href":"https:\/\/plazajuarez.mx\/historico\/wp-json\/wp\/v2\/users\/80"}],"replies":[{"embeddable":true,"href":"https:\/\/plazajuarez.mx\/historico\/wp-json\/wp\/v2\/comments?post=121544"}],"version-history":[{"count":0,"href":"https:\/\/plazajuarez.mx\/historico\/wp-json\/wp\/v2\/posts\/121544\/revisions"}],"wp:attachment":[{"href":"https:\/\/plazajuarez.mx\/historico\/wp-json\/wp\/v2\/media?parent=121544"}],"wp:term":[{"taxonomy":"category","embeddable":true,"href":"https:\/\/plazajuarez.mx\/historico\/wp-json\/wp\/v2\/categories?post=121544"},{"taxonomy":"post_tag","embeddable":true,"href":"https:\/\/plazajuarez.mx\/historico\/wp-json\/wp\/v2\/tags?post=121544"}],"curies":[{"name":"wp","href":"https:\/\/api.w.org\/{rel}","templated":true}]}}