{"id":121522,"date":"2020-07-01T06:00:00","date_gmt":"2020-07-01T11:00:00","guid":{"rendered":"https:\/\/plazajuarez.mx\/?p=121522"},"modified":"2020-06-30T23:02:18","modified_gmt":"2020-07-01T04:02:18","slug":"la-unica-batalla-que-ganaron-los-mexicas-a-hernan-cortes","status":"publish","type":"post","link":"https:\/\/plazajuarez.mx\/historico\/la-unica-batalla-que-ganaron-los-mexicas-a-hernan-cortes\/","title":{"rendered":"La \u00fanica batalla que ganaron los mexicas a Hern\u00e1n Cort\u00e9s"},"content":{"rendered":"\n<ul class=\"wp-block-list\"><li><strong>La leyenda cuenta que esa fue la &#8220;Noche Triste&#8221; en la que Cort\u00e9s llor\u00f3 la derrota frente a un \u00e1rbol, un a\u00f1ejo ahuehuete ubicado en la calzada a Tacuba<\/strong><\/li><\/ul>\n\n\n\n<!--more-->\n\n\n\n<p>(EFE).- La noche del 30 de junio al 1 de julio de 1520, justo hace 500 a\u00f1os, ocurri\u00f3 la primera y \u00fanica derrota de las tropas del conquistador espa\u00f1ol Hern\u00e1n Cort\u00e9s y sus aliados ind\u00edgenas a manos del ej\u00e9rcito mexica en M\u00e9xico-Tenochtitl\u00e1n.<\/p>\n\n\n\n<p>La leyenda cuenta que esa fue la &#8220;Noche Triste&#8221; en la que Cort\u00e9s llor\u00f3 la derrota frente a un \u00e1rbol, un a\u00f1ejo ahuehuete ubicado en la calzada a Tacuba, en la Ciudad de M\u00e9xico.<\/p>\n\n\n\n<p>La referencia corresponde al cronista espa\u00f1ol Bernal D\u00edaz del Castillo en su &#8220;Historia verdadera de la conquista de la Nueva Espa\u00f1a&#8221;.<\/p>\n\n\n\n<p>&#8220;Volvamos al Pedro de Alvarado, que como Cort\u00e9s y los dem\u00e1s capitanes, le encontraron de aquella manera y vieron que no ven\u00edan m\u00e1s soldados, se le saltaron las l\u00e1grimas de los ojos&#8221;, escribi\u00f3 D\u00edaz del Castillo.<\/p>\n\n\n\n<p>Para el historiador mexicano Antonio Garc\u00eda de Le\u00f3n, gran parte de este acontecimiento &#8220;est\u00e1 un poco construido por los cronistas, pero en s\u00ed la &#8216;Noche Triste&#8217; es una derrota por una retirada t\u00e1ctica&#8221;.<\/p>\n\n\n\n<p>&#8220;Como los espa\u00f1oles no pod\u00edan seguir tomando la ciudad tienen que abandonarla y en su salida sufren una derrota militar importante porque gran parte de los soldados y las tropas tlaxcaltecas, aliadas a Cort\u00e9s, fueron muertos en una serie de incidentes que Cort\u00e9s llam\u00f3 la &#8216;Noche Triste'&#8221;, apunt\u00f3 Garc\u00eda de Le\u00f3n en entrevista con Efe.<\/p>\n\n\n\n<p>Posteriormente, Cort\u00e9s, los espa\u00f1oles y sus aliados se reforzaron y poco m\u00e1s de un a\u00f1o despu\u00e9s, el 13 de agosto de 1521, tomaron Tenochtitl\u00e1n, &#8220;conquista que no hubiera sido posible sin los aliados ind\u00edgenas de Cort\u00e9s&#8221;, se\u00f1al\u00f3 el tambi\u00e9n investigador del Instituto Nacional de Antropolog\u00eda e Historia (INAH) de M\u00e9xico.<\/p>\n\n\n\n<p><strong>EL INICIO DE LA GUERRA<\/strong><\/p>\n\n\n\n<p>La historia refiere que el 22 de mayo de 1520, frente al Templo Mayor, muy cerca del Z\u00f3calo, los mexicas realizaron una fiesta en honor de T\u00f3xcatl.<\/p>\n\n\n\n<p>Ante la ausencia de Cort\u00e9s, Pedro de Alvarado hab\u00eda permitido la celebraci\u00f3n, pero orden\u00f3, sin embargo, una masacre que &#8220;rompi\u00f3 la fr\u00e1gil paz que hab\u00eda entre mexicas y espa\u00f1oles&#8221;, que hab\u00eda construido Cort\u00e9s con sus dotes &#8220;diplom\u00e1ticas&#8221;, afirm\u00f3 a Efe Enrique Ortiz Garc\u00eda, escritor y divulgador de la historia de M\u00e9xico.<\/p>\n\n\n\n<p>&#8220;A partir de ese momento cambia la relaci\u00f3n y comienza la guerra total entre espa\u00f1oles y mexicas que tiene un punto clave en la noche del 30 de junio&#8221;, remarc\u00f3 Ortiz, especialista en recreaciones hist\u00f3ricas relacionadas con la cultura prehisp\u00e1nica,<\/p>\n\n\n\n<p><strong>LOS MITOS DE LA HISTORIA<\/strong><\/p>\n\n\n\n<p>Los aztecas estaban enojados y sitiaron a los espa\u00f1oles, quienes en su huida se refugiaron en Tacuba.<\/p>\n\n\n\n<p>&#8220;La leyenda cuenta que Cort\u00e9s, frente al \u00e1rbol, se sent\u00f3 a llorar su derrota. Es un tanto legendario y rom\u00e1ntico ese episodio, pero la historia se construye de mitos&#8221;, se\u00f1al\u00f3 Garc\u00eda de Le\u00f3n.<\/p>\n\n\n\n<p>El tambi\u00e9n catedr\u00e1tico de la Universidad Nacional Aut\u00f3noma de M\u00e9xico (UNAM) record\u00f3 que aquella noche muchos espa\u00f1oles cayeron en su huida en uno de los canales de agua y se ahogaron.<\/p>\n","protected":false},"excerpt":{"rendered":"<p>La leyenda cuenta que esa fue la &#8220;Noche Triste&#8221; en la que Cort\u00e9s llor\u00f3 la derrota frente a un \u00e1rbol, un a\u00f1ejo ahuehuete ubicado en la calzada a Tacuba<\/p>\n","protected":false},"author":80,"featured_media":0,"comment_status":"closed","ping_status":"open","sticky":false,"template":"","format":"standard","meta":{"footnotes":""},"categories":[41],"tags":[],"class_list":["post-121522","post","type-post","status-publish","format-standard","hentry","category-arteria-cultural"],"_links":{"self":[{"href":"https:\/\/plazajuarez.mx\/historico\/wp-json\/wp\/v2\/posts\/121522","targetHints":{"allow":["GET"]}}],"collection":[{"href":"https:\/\/plazajuarez.mx\/historico\/wp-json\/wp\/v2\/posts"}],"about":[{"href":"https:\/\/plazajuarez.mx\/historico\/wp-json\/wp\/v2\/types\/post"}],"author":[{"embeddable":true,"href":"https:\/\/plazajuarez.mx\/historico\/wp-json\/wp\/v2\/users\/80"}],"replies":[{"embeddable":true,"href":"https:\/\/plazajuarez.mx\/historico\/wp-json\/wp\/v2\/comments?post=121522"}],"version-history":[{"count":0,"href":"https:\/\/plazajuarez.mx\/historico\/wp-json\/wp\/v2\/posts\/121522\/revisions"}],"wp:attachment":[{"href":"https:\/\/plazajuarez.mx\/historico\/wp-json\/wp\/v2\/media?parent=121522"}],"wp:term":[{"taxonomy":"category","embeddable":true,"href":"https:\/\/plazajuarez.mx\/historico\/wp-json\/wp\/v2\/categories?post=121522"},{"taxonomy":"post_tag","embeddable":true,"href":"https:\/\/plazajuarez.mx\/historico\/wp-json\/wp\/v2\/tags?post=121522"}],"curies":[{"name":"wp","href":"https:\/\/api.w.org\/{rel}","templated":true}]}}