{"id":121521,"date":"2020-07-01T06:00:00","date_gmt":"2020-07-01T11:00:00","guid":{"rendered":"https:\/\/plazajuarez.mx\/?p=121521"},"modified":"2020-06-30T23:04:14","modified_gmt":"2020-07-01T04:04:14","slug":"cine-de-hoy-73","status":"publish","type":"post","link":"https:\/\/plazajuarez.mx\/historico\/cine-de-hoy-73\/","title":{"rendered":"CINE DE HOY"},"content":{"rendered":"\n<h2 class=\"wp-block-heading\"><strong>La importancia del vestuario<\/strong><\/h2>\n\n\n\n<ul class=\"wp-block-list\"><li><strong>La dise\u00f1adora de vestuario confes\u00f3 que lleg\u00f3 a esa profesi\u00f3n, casi por accidente<\/strong><\/li><\/ul>\n\n\n\n<!--more-->\n\n\n\n<p>En la \u00faltima emisi\u00f3n de la primera temporada de Jueves de Cine en la Casa Bu\u00f1uel, tuvimos la ocasi\u00f3n de descubrir la importancia del vestuario en el cine, con la conversaci\u00f3n que sostuvo Mariaestela Fern\u00e1ndez con B\u00e1rbara Enr\u00edquez.<\/p>\n\n\n\n<p>La dise\u00f1adora de vestuario confes\u00f3 que lleg\u00f3 a esa profesi\u00f3n, casi por accidente, pues ella se inici\u00f3 como actriz y lament\u00f3 que no se pueda estudiar vestuario en M\u00e9xico.<\/p>\n\n\n\n<p>Tras algunas incursiones en el teatro y en el mundo de la publicidad, Mariaestela se inici\u00f3 como dise\u00f1adora de vestuario en 1988 y ha estado nominada para el Ariel en 14 ocasiones, gan\u00e1ndola en seis ocasiones por: \u201cNovia que te vea\u201d, \u201cUn embrujo\u201d, \u201cLa ley de Herodes\u201d, \u201cEl crimen del padre Amaro\u201d, \u201cKil\u00f3metro 31\u201d y \u201cLa habitaci\u00f3n\u201d.<\/p>\n\n\n\n<p>Contra lo que pudiera esperarse dijo que es m\u00e1s dif\u00edcil crear el vestuario para una pel\u00edcula normal que para una de \u00e9poca, ya que en esta ya sabes las reglas. En cambio en la otra tienes que ir creando el vestuario de acuerdo al personaje, y poni\u00e9ndote de acuerdo con el resto del staff, como el sonidista, o el fot\u00f3grafo.<\/p>\n\n\n\n<p>Algo que me choca en lo particular, es ver un vestuario nuevo y reluciente, con el que los actores apenas y se pueden mover. Mariaestela explic\u00f3 que a ella le gusta que los actores utilicen las prendas antes, y se conviertan en parte de su personalidad.<\/p>\n\n\n\n<p>El trabajo de Mariaestela ha sido reconocido tambi\u00e9n en el extranjero y ha estado nominada al Goya y ganado el Coral en La Habana.<\/p>\n\n\n\n<p>Es adem\u00e1s miembro de la Academia Mexicana de Artes desde 1999, y de la Academia de Artes y Ciencias Cinematogr\u00e1ficas de Hollywood desde hace dos a\u00f1os.<\/p>\n\n\n\n<p>B\u00e1rbara hizo votos por poder trabajar juntas en una pel\u00edcula pr\u00f3ximamente.<\/p>\n\n\n\n<p>Una felicitaci\u00f3n a la Filmoteca de la UNAM por esta primera temporada y esperamos con ansia la segunda en agosto.<\/p>\n","protected":false},"excerpt":{"rendered":"<p>La importancia del vestuario La dise\u00f1adora de vestuario confes\u00f3 que lleg\u00f3 a esa profesi\u00f3n, casi por accidente<\/p>\n","protected":false},"author":96,"featured_media":0,"comment_status":"closed","ping_status":"open","sticky":false,"template":"","format":"standard","meta":{"footnotes":""},"categories":[41],"tags":[],"class_list":["post-121521","post","type-post","status-publish","format-standard","hentry","category-arteria-cultural"],"_links":{"self":[{"href":"https:\/\/plazajuarez.mx\/historico\/wp-json\/wp\/v2\/posts\/121521","targetHints":{"allow":["GET"]}}],"collection":[{"href":"https:\/\/plazajuarez.mx\/historico\/wp-json\/wp\/v2\/posts"}],"about":[{"href":"https:\/\/plazajuarez.mx\/historico\/wp-json\/wp\/v2\/types\/post"}],"author":[{"embeddable":true,"href":"https:\/\/plazajuarez.mx\/historico\/wp-json\/wp\/v2\/users\/96"}],"replies":[{"embeddable":true,"href":"https:\/\/plazajuarez.mx\/historico\/wp-json\/wp\/v2\/comments?post=121521"}],"version-history":[{"count":0,"href":"https:\/\/plazajuarez.mx\/historico\/wp-json\/wp\/v2\/posts\/121521\/revisions"}],"wp:attachment":[{"href":"https:\/\/plazajuarez.mx\/historico\/wp-json\/wp\/v2\/media?parent=121521"}],"wp:term":[{"taxonomy":"category","embeddable":true,"href":"https:\/\/plazajuarez.mx\/historico\/wp-json\/wp\/v2\/categories?post=121521"},{"taxonomy":"post_tag","embeddable":true,"href":"https:\/\/plazajuarez.mx\/historico\/wp-json\/wp\/v2\/tags?post=121521"}],"curies":[{"name":"wp","href":"https:\/\/api.w.org\/{rel}","templated":true}]}}