{"id":121449,"date":"2020-06-30T06:56:11","date_gmt":"2020-06-30T11:56:11","guid":{"rendered":"https:\/\/plazajuarez.mx\/?p=121449"},"modified":"2020-06-30T06:56:26","modified_gmt":"2020-06-30T11:56:26","slug":"clausura-de-talleres-de-educacion-artistica","status":"publish","type":"post","link":"https:\/\/plazajuarez.mx\/historico\/clausura-de-talleres-de-educacion-artistica\/","title":{"rendered":"Clausura de talleres de Educaci\u00f3n Art\u00edstica"},"content":{"rendered":"\n<ul class=\"wp-block-list\"><li><strong>Durante la clausura el alcalde, Ra\u00fal Camacho Ba\u00f1os, pidi\u00f3 no abandonaran el proyecto&nbsp;<\/strong><\/li><\/ul>\n\n\n\n<ul class=\"wp-block-list\"><li><strong>\u201cNo lo suelten, hoy los padres de familia juegan un papel importante\u201d, dijo el jefe del Ejecutivo municipal<\/strong><\/li><\/ul>\n\n\n\n<!--more-->\n\n\n\n<p><strong>Mineral de la Reforma<\/strong>.- \u201cEsta administraci\u00f3n se ha caracterizado por apostarle a la cultura, estamos certificados en un aval nacional, juntos hemos logrado este avance con las dos modalidades de la Educaci\u00f3n Art\u00edstica Inicial \u00a0escolarizada y de talleres libres, yo los invito a que no dejen este proyecto, no lo suelten, hoy los padres de familia juegan un papel importante, esta es una nueva modalidad de seguir reforzando todas estas actividades de forma virtual\u201d.\u00a0<\/p>\n\n\n\n<p>Fue parte del mensaje del alcalde, Ra\u00fal Camacho Ba\u00f1os, durante la clausura de actividades de Programa de Educaci\u00f3n Art\u00edstica Inicial, que incluy\u00f3 talleres libres y escolarizados, impartidos en los Centros de Desarrollo Comunitario, la Casa de Cultura de Pachuquilla y el Centro Mineralense de las Artes (Cemart), del&nbsp;periodo enero-junio de 2020 a cargo de la direcci\u00f3n de Arte y Cultura de Mineral de la Reforma, en una modalidad que reuni\u00f3 de forma virtual a estudiantes, docentes, personal administrativo y padres de familia y autoridades del Instituto Nacional de Bellas Artes y Literatura (INBAL), y con la que se oficializ\u00f3 el t\u00e9rmino de 85 talleres virtuales para 766 alumnos, durante el periodo de la contingencia de la Covid-19.<\/p>\n\n\n\n<p>Al respecto, el alcalde Ra\u00fal Camacho Ba\u00f1os, coment\u00f3 tambi\u00e9n: \u201cQuiero saludar con mucho aprecio a alumnos y docentes, esto ha sido un gran logro, apostarle a la educaci\u00f3n art\u00edstica. Quiero decirles que mi familia les manda un saludo a cada una de las familias, y desearles que est\u00e9n bien, hoy la salud juega un papel muy importante, y en esta comunidad art\u00edstica, hoy estamos ocupando una nueva modalidad a trav\u00e9s de la tecnolog\u00eda\u201d.&nbsp;<\/p>\n\n\n\n<p>El alcalde resalt\u00f3: \u201ctodo esto es un equipo de trabajo, que lo encabeza su amigo Ra\u00fal Camacho, y tambi\u00e9n nos apoya C\u00e9sar Monroy Vega, secretario de Desarrollo Humano y Social y Noel Garc\u00eda San Juan, director de Arte y Cultura, quienes juegan un papel muy importante porque conviven con la comunidad art\u00edstica, al lado de los docentes y alumnos, ahorita vimos algunas muestras y he constatado de todo el trabajo que se realiza, y las presentaciones art\u00edsticas que ten\u00edamos regularmente en las ferias del municipio. Juntos hemos logrado lo que no se ha hecho en ning\u00fan otro municipio\u201d.<\/p>\n\n\n\n<p>Posteriormente Jos\u00e9 Luis Hern\u00e1ndez Guti\u00e9rrez, coordinador del Programa Nacional de Escuelas de Iniciaci\u00f3n Art\u00edstica Asociadas al Instituto Nacional de Bellas Artes y Literatura, dijo:&nbsp;<\/p>\n\n\n\n<p>\u201cQuerido cuerpo docente, gracias por compartir sus conocimiento y experiencias, y al presidente municipal Ra\u00fal Camacho Ba\u00f1os, reconocer esa visi\u00f3n que ha dejado en esta comunidad, por la sensibilidad por tener estas iniciativas. Usted pasa a la historia de Mineral de la Reforma, por todo lo que sembr\u00f3, si\u00e9ntase contento y satisfecho y a todos les pido hagamos el esfuerzo para que esto no se termine, que la educaci\u00f3n art\u00edstica sea esa posibilidad para ser una mejor sociedad, un mejor mundo, les deseo lo mejor y les agradezco el \u00edmpetu de esta importante labor y desearles el mejor de los \u00e9xitos\u201d, asegur\u00f3.&nbsp;<\/p>\n\n\n\n<p>Destac\u00f3 tambi\u00e9n la participaci\u00f3n de la maestra Roc\u00edo Flores Rodr\u00edguez, tutora de la Escuela de Iniciaci\u00f3n Art\u00edstica CEMART, as\u00ed como de la comunidad docente de los talleres libres, representada por los maestros de teatro, artes pl\u00e1sticas y visuales, danza y m\u00fasica, tanto de talleres libres como de la escuela de iniciaci\u00f3n art\u00edstica asociada al INBAL, as\u00ed como a los alumnos y padres de familia; quienes compartieron su experiencia docente y de aprendizaje respectivamente a lo largo de los talleres.<\/p>\n","protected":false},"excerpt":{"rendered":"<p>Durante la clausura el alcalde, Ra\u00fal Camacho Ba\u00f1os, pidi\u00f3 no abandonaran el proyecto&nbsp; \u201cNo lo suelten, hoy los padres de familia juegan un papel importante\u201d, dijo el jefe del Ejecutivo municipal<\/p>\n","protected":false},"author":93,"featured_media":0,"comment_status":"closed","ping_status":"open","sticky":false,"template":"","format":"standard","meta":{"footnotes":""},"categories":[40],"tags":[],"class_list":["post-121449","post","type-post","status-publish","format-standard","hentry","category-region"],"_links":{"self":[{"href":"https:\/\/plazajuarez.mx\/historico\/wp-json\/wp\/v2\/posts\/121449","targetHints":{"allow":["GET"]}}],"collection":[{"href":"https:\/\/plazajuarez.mx\/historico\/wp-json\/wp\/v2\/posts"}],"about":[{"href":"https:\/\/plazajuarez.mx\/historico\/wp-json\/wp\/v2\/types\/post"}],"author":[{"embeddable":true,"href":"https:\/\/plazajuarez.mx\/historico\/wp-json\/wp\/v2\/users\/93"}],"replies":[{"embeddable":true,"href":"https:\/\/plazajuarez.mx\/historico\/wp-json\/wp\/v2\/comments?post=121449"}],"version-history":[{"count":0,"href":"https:\/\/plazajuarez.mx\/historico\/wp-json\/wp\/v2\/posts\/121449\/revisions"}],"wp:attachment":[{"href":"https:\/\/plazajuarez.mx\/historico\/wp-json\/wp\/v2\/media?parent=121449"}],"wp:term":[{"taxonomy":"category","embeddable":true,"href":"https:\/\/plazajuarez.mx\/historico\/wp-json\/wp\/v2\/categories?post=121449"},{"taxonomy":"post_tag","embeddable":true,"href":"https:\/\/plazajuarez.mx\/historico\/wp-json\/wp\/v2\/tags?post=121449"}],"curies":[{"name":"wp","href":"https:\/\/api.w.org\/{rel}","templated":true}]}}