{"id":121439,"date":"2020-06-30T06:54:26","date_gmt":"2020-06-30T11:54:26","guid":{"rendered":"https:\/\/plazajuarez.mx\/?p=121439"},"modified":"2020-06-30T06:54:40","modified_gmt":"2020-06-30T11:54:40","slug":"seguiran-tianguistas-sin-poder-instalar-sus-puestos","status":"publish","type":"post","link":"https:\/\/plazajuarez.mx\/historico\/seguiran-tianguistas-sin-poder-instalar-sus-puestos\/","title":{"rendered":"Seguir\u00e1n tianguistas sin poder instalar sus puestos"},"content":{"rendered":"\n<ul class=\"wp-block-list\"><li><strong>Despu\u00e9s de un di\u00e1logo con la alcaldesa, por m\u00e1s de tres horas, acordaron seguir sin instalarse&nbsp;<\/strong><\/li><\/ul>\n\n\n\n<!--more-->\n\n\n\n<p><strong>Apan<\/strong>.- Por segundo mes consecutivo, tianguistas que se instalan los mi\u00e9rcoles, acordaron con autoridades municipales, \u201cno instalarse\u201d, hasta que cambie el sem\u00e1foro epidemiol\u00f3gico.<\/p>\n\n\n\n<p>El acuerdo fue logrado entre la alcaldesa Mar\u00eda Antonieta de los \u00c1ngeles Anaya, y los l\u00edderes tianguistas de los mi\u00e9rcoles.&nbsp;<\/p>\n\n\n\n<p>El di\u00e1logo entre la alcaldesa y los tianguistas dur\u00f3 m\u00e1s de tres horas. Al final acordaron que aplazar\u00e1n su instalaci\u00f3n hasta que cambie el sem\u00e1foro a color naranja.<\/p>\n\n\n\n<p>Durante esta reuni\u00f3n, los l\u00edderes tianguistas, expresaron a las autoridades municipales su preocupaci\u00f3n, ya que sus econom\u00edas se han visto muy afectadas, pues durante dos meses no han podido vender algunos de sus productos.<\/p>\n\n\n\n<p>Por su parte la jefa del Ejecutivo municipal de Apan les dijo que para la segunda quincena del mes de julio, ya podr\u00e1n instalarse, siempre y cuando el sem\u00e1foro epidemiol\u00f3gico, cambie a color naranja, y adem\u00e1s de que se respeten las medidas dictadas por el Sector Salud.<\/p>\n","protected":false},"excerpt":{"rendered":"<p>Despu\u00e9s de un di\u00e1logo con la alcaldesa, por m\u00e1s de tres horas, acordaron seguir sin instalarse&nbsp;<\/p>\n","protected":false},"author":69,"featured_media":0,"comment_status":"closed","ping_status":"open","sticky":false,"template":"","format":"standard","meta":{"footnotes":""},"categories":[40],"tags":[],"class_list":["post-121439","post","type-post","status-publish","format-standard","hentry","category-region"],"_links":{"self":[{"href":"https:\/\/plazajuarez.mx\/historico\/wp-json\/wp\/v2\/posts\/121439","targetHints":{"allow":["GET"]}}],"collection":[{"href":"https:\/\/plazajuarez.mx\/historico\/wp-json\/wp\/v2\/posts"}],"about":[{"href":"https:\/\/plazajuarez.mx\/historico\/wp-json\/wp\/v2\/types\/post"}],"author":[{"embeddable":true,"href":"https:\/\/plazajuarez.mx\/historico\/wp-json\/wp\/v2\/users\/69"}],"replies":[{"embeddable":true,"href":"https:\/\/plazajuarez.mx\/historico\/wp-json\/wp\/v2\/comments?post=121439"}],"version-history":[{"count":0,"href":"https:\/\/plazajuarez.mx\/historico\/wp-json\/wp\/v2\/posts\/121439\/revisions"}],"wp:attachment":[{"href":"https:\/\/plazajuarez.mx\/historico\/wp-json\/wp\/v2\/media?parent=121439"}],"wp:term":[{"taxonomy":"category","embeddable":true,"href":"https:\/\/plazajuarez.mx\/historico\/wp-json\/wp\/v2\/categories?post=121439"},{"taxonomy":"post_tag","embeddable":true,"href":"https:\/\/plazajuarez.mx\/historico\/wp-json\/wp\/v2\/tags?post=121439"}],"curies":[{"name":"wp","href":"https:\/\/api.w.org\/{rel}","templated":true}]}}