{"id":121438,"date":"2020-06-30T06:50:25","date_gmt":"2020-06-30T11:50:25","guid":{"rendered":"https:\/\/plazajuarez.mx\/?p=121438"},"modified":"2020-06-30T06:50:40","modified_gmt":"2020-06-30T11:50:40","slug":"letras-y-memorias-7","status":"publish","type":"post","link":"https:\/\/plazajuarez.mx\/historico\/letras-y-memorias-7\/","title":{"rendered":"Letras y Memorias"},"content":{"rendered":"\n<p><strong>Bordando la intimidad<\/strong><\/p>\n\n\n\n<ul class=\"wp-block-list\"><li><strong>En d\u00edas como estos, uno extra\u00f1a la vieja normalidad, la que nos dejaba sentirnos amados, y amar en libertad<\/strong><\/li><\/ul>\n\n\n\n<!--more-->\n\n\n\n<p>Con el cierre de este ciclo, y con el tentativo comienzo de la mal llamada \u201c<em>nueva normalidad<\/em>\u201d, las letras llevan su prop\u00f3sito a viejos rincones que hace apenas unos meses, eran refugio de los corazones rotos y los sue\u00f1os venideros.<\/p>\n\n\n\n<p>Me recuerdo sentado, sin prisas pero sin esperanzas, aguardando por el momento en que finalmente dejara la oficina para salir de esa rutina, y cuando lleg\u00f3 la hora, apenas y pude notarlo,porque al reaccionar, ya estaba caminando, con un cigarrillo en la mano y apresurando los pasos para llegar m\u00e1s pronto a mi destino.<\/p>\n\n\n\n<p>Muchas veces dejamos que gran parte de un d\u00eda se nos vaya entre los dedos como el agua con que nos aseamos, pero tambi\u00e9n hemos de notar que parte del vital l\u00edquido permanece y nos hidrata, as\u00ed como en la vida, permanecen las personas que renuevan la savia nuestra.<\/p>\n\n\n\n<p>Ella es similar a esa agua que se queda para lavar la cara, esa \u201cdiosa del amor\u201d fue quien me recibi\u00f3 en la casa azul y con quien compart\u00ed muchos de los mejores ratos de este a\u00f1o; entre cenas improvisadas, platillos bien pensados y noches de bordados.<\/p>\n\n\n\n<p>Todo cuanto pesara pod\u00eda siempre recaer en ella, en la compa\u00f1\u00eda que alguien incondicional te ofrece mientras le cuelgan los cabellos lacios por el cuerpo delgado. Todo cuanto pudiera doler, se aliviaba con un buen serm\u00f3n y un abrazo fuerte de quien me brind\u00f3 su amistad y cari\u00f1o incondicional.<\/p>\n\n\n\n<p>El amor, es cierto, salvar\u00e1 nuestra alma. Y en forma de atardeceres ardientes y carcajadas s\u00f3nicas, hoy, en esta \u201canormalidad nueva\u201d que vivo, valoro a\u00fan m\u00e1s lo que viv\u00ed en semanas anteriores a la gran pandemia, cuando pod\u00eda salir del pesado d\u00eda en el trabajo y en una decisi\u00f3n fugaz, ya estaba junto a mi mejor amiga haciendo de todo, y a la vez, nada.<\/p>\n\n\n\n<p>Tambi\u00e9n es cierto que no tenemos en la mano el secreto de una amistad que perdure en el tiempo, porque por lapsos los mensajes de cari\u00f1o y respeto, quedan cortos ante el real sentimiento de gratitud eterna por estar presente en el momento correcto.<\/p>\n\n\n\n<p>Pero lo que resulta m\u00e1s real, m\u00e1s palpable que cualquier otra cosa, es que justo ahora, cuando el cuerpo se cansa y los dedos tiemblan al escribir, uno recuerda los mejores d\u00edas lleno de esa compa\u00f1\u00eda y s\u00f3lo sonr\u00ede, sonr\u00ede mientras esas manitas flacas bordaban noches estrelladas, gallos de pelea e historias llenas de magia.&nbsp;<\/p>\n\n\n\n<p><strong>\u00a1Hasta el pr\u00f3ximo martes!<\/strong><strong><br><\/strong><strong><br><\/strong><strong>Postdata: <\/strong>Nos veremos pronto, aunque no s\u00e9 cu\u00e1ndo, pero s\u00ed s\u00e9 c\u00f3mo.&nbsp;<\/p>\n\n\n\n<p><strong>Mi Twitter:<\/strong> @SoyOsmarEslava<\/p>\n\n\n\n<p><strong>Mi correo:<\/strong> osmareslava@plazajuarez.mx\/historico\/historico<\/p>\n","protected":false},"excerpt":{"rendered":"<p>Bordando la intimidad En d\u00edas como estos, uno extra\u00f1a la vieja normalidad, la que nos dejaba sentirnos amados, y amar en libertad<\/p>\n","protected":false},"author":95,"featured_media":0,"comment_status":"closed","ping_status":"open","sticky":false,"template":"","format":"standard","meta":{"footnotes":""},"categories":[42,84],"tags":[],"class_list":["post-121438","post","type-post","status-publish","format-standard","hentry","category-nuestrapalabra","category-osmar-eslava-marquez"],"_links":{"self":[{"href":"https:\/\/plazajuarez.mx\/historico\/wp-json\/wp\/v2\/posts\/121438","targetHints":{"allow":["GET"]}}],"collection":[{"href":"https:\/\/plazajuarez.mx\/historico\/wp-json\/wp\/v2\/posts"}],"about":[{"href":"https:\/\/plazajuarez.mx\/historico\/wp-json\/wp\/v2\/types\/post"}],"author":[{"embeddable":true,"href":"https:\/\/plazajuarez.mx\/historico\/wp-json\/wp\/v2\/users\/95"}],"replies":[{"embeddable":true,"href":"https:\/\/plazajuarez.mx\/historico\/wp-json\/wp\/v2\/comments?post=121438"}],"version-history":[{"count":0,"href":"https:\/\/plazajuarez.mx\/historico\/wp-json\/wp\/v2\/posts\/121438\/revisions"}],"wp:attachment":[{"href":"https:\/\/plazajuarez.mx\/historico\/wp-json\/wp\/v2\/media?parent=121438"}],"wp:term":[{"taxonomy":"category","embeddable":true,"href":"https:\/\/plazajuarez.mx\/historico\/wp-json\/wp\/v2\/categories?post=121438"},{"taxonomy":"post_tag","embeddable":true,"href":"https:\/\/plazajuarez.mx\/historico\/wp-json\/wp\/v2\/tags?post=121438"}],"curies":[{"name":"wp","href":"https:\/\/api.w.org\/{rel}","templated":true}]}}