{"id":121435,"date":"2020-06-30T06:47:45","date_gmt":"2020-06-30T11:47:45","guid":{"rendered":"https:\/\/plazajuarez.mx\/?p=121435"},"modified":"2020-06-30T06:48:00","modified_gmt":"2020-06-30T11:48:00","slug":"semaforo-rojo-por-ocupacion-de-camas-en-hospitales","status":"publish","type":"post","link":"https:\/\/plazajuarez.mx\/historico\/semaforo-rojo-por-ocupacion-de-camas-en-hospitales\/","title":{"rendered":"Sem\u00e1foro rojo, por ocupaci\u00f3n de camas en hospitales"},"content":{"rendered":"\n<ul class=\"wp-block-list\"><li><strong>El contagio est\u00e1 controlado, asegura la SSH, esperan que de dos a tres semanas se pueda salir paulatinamente a la calle\u00a0<\/strong><\/li><\/ul>\n\n\n\n<!--more-->\n\n\n\n<p>El titular de la Secretar\u00eda de Salud de Hidalgo (SSH),&nbsp; Alejandro Efra\u00edn Ben\u00edtez Herrera, inform\u00f3 que dentro de los par\u00e1metros que se eval\u00faan para otorgar el color en el sem\u00e1foro epidemiol\u00f3gico de las entidades se encuentra el uso de camas en hospitales, cifra que se elev\u00f3 en Hidalgo y provoc\u00f3 que se regresara del naranja al rojo, color que indica un mayor riesgo epidemiol\u00f3gico.<\/p>\n\n\n\n<p>Sin embargo, apunt\u00f3 que esto no significa que se haya puesto peor la situaci\u00f3n, sino que se hizo mayor uso de las camas de hospital, en tanto, apunt\u00f3 que Hidalgo se mantiene en r\u00e9gimen de control de la epidemia, por lo que pidi\u00f3 a los hidalguenses no bajar la guardia, mantener las medidas sanitarias y s\u00f3lo salir en caso de urgencia, por lo que se\u00f1al\u00f3 que esperan que sean de dos a tres semanas las que transcurrir\u00e1n para comenzar la nueva normalidad en la entidad.&nbsp;<\/p>\n\n\n\n<p>En entrevista para el programa Al Aire, de Radio y Televisi\u00f3n de Hidalgo, el funcionario estatal refiri\u00f3 que en el indicador \u201cFactor R\u201d que mide la velocidad de contagios, Hidalgo se mantenido en control, \u201cpara mi es mucho m\u00e1s importante mantenernos en un r\u00e9gimen de control, esperamos que en unas semanas vayamos en descenso, podemos decir que estamos en una meseta de la pandemia, esperamos pronto comenzar a descender\u201d dijo.<\/p>\n","protected":false},"excerpt":{"rendered":"<p>El contagio est\u00e1 controlado, asegura la SSH, esperan que de dos a tres semanas se pueda salir paulatinamente a la calle\u00a0<\/p>\n","protected":false},"author":93,"featured_media":0,"comment_status":"closed","ping_status":"open","sticky":false,"template":"","format":"standard","meta":{"footnotes":""},"categories":[59],"tags":[],"class_list":["post-121435","post","type-post","status-publish","format-standard","hentry","category-general"],"_links":{"self":[{"href":"https:\/\/plazajuarez.mx\/historico\/wp-json\/wp\/v2\/posts\/121435","targetHints":{"allow":["GET"]}}],"collection":[{"href":"https:\/\/plazajuarez.mx\/historico\/wp-json\/wp\/v2\/posts"}],"about":[{"href":"https:\/\/plazajuarez.mx\/historico\/wp-json\/wp\/v2\/types\/post"}],"author":[{"embeddable":true,"href":"https:\/\/plazajuarez.mx\/historico\/wp-json\/wp\/v2\/users\/93"}],"replies":[{"embeddable":true,"href":"https:\/\/plazajuarez.mx\/historico\/wp-json\/wp\/v2\/comments?post=121435"}],"version-history":[{"count":0,"href":"https:\/\/plazajuarez.mx\/historico\/wp-json\/wp\/v2\/posts\/121435\/revisions"}],"wp:attachment":[{"href":"https:\/\/plazajuarez.mx\/historico\/wp-json\/wp\/v2\/media?parent=121435"}],"wp:term":[{"taxonomy":"category","embeddable":true,"href":"https:\/\/plazajuarez.mx\/historico\/wp-json\/wp\/v2\/categories?post=121435"},{"taxonomy":"post_tag","embeddable":true,"href":"https:\/\/plazajuarez.mx\/historico\/wp-json\/wp\/v2\/tags?post=121435"}],"curies":[{"name":"wp","href":"https:\/\/api.w.org\/{rel}","templated":true}]}}