{"id":121433,"date":"2020-06-30T06:48:46","date_gmt":"2020-06-30T11:48:46","guid":{"rendered":"https:\/\/plazajuarez.mx\/?p=121433"},"modified":"2020-06-30T06:49:00","modified_gmt":"2020-06-30T11:49:00","slug":"cuatro-ideas-danadas-por-la-pandemia","status":"publish","type":"post","link":"https:\/\/plazajuarez.mx\/historico\/cuatro-ideas-danadas-por-la-pandemia\/","title":{"rendered":"Cuatro ideas da\u00f1adas por la pandemia"},"content":{"rendered":"\n<ul class=\"wp-block-list\"><li><strong>Habr\u00e1 m\u00e1s proteccionismo. Pero las ventajas y atractivos de algunas facetas de la globalizaci\u00f3n no desaparecer\u00e1n<\/strong><\/li><\/ul>\n\n\n\n<p><strong>Por: <em>Mois\u00e9s Na\u00edm<\/em><\/strong><\/p>\n\n\n\n<!--more-->\n\n\n\n<p>El Covid-19 no s\u00f3lo mata gente, tambi\u00e9n mata ideas. Y cuando no las mata, las desprestigia y debilita. Las ideas tradicionales sobre oficinas, hospitales y universidades, por ejemplo, no sobrevivir\u00e1n inc\u00f3lumes a las secuelas econ\u00f3micas de la pandemia. Tampoco lo har\u00e1n algunas de las ideas m\u00e1s globales sobre econom\u00eda y pol\u00edtica. Estas cuatro por ejemplo:<\/p>\n\n\n\n<p>1) Estados Unidos es una fuente de estabilidad para el mundo.<\/p>\n\n\n\n<p>Falso. Washington es un importante epicentro de inestabilidad geopol\u00edtica. Las reacciones del gobierno de George W.Bush a los ataques terroristas del 11-9, por ejemplo, provocaron largas guerras. En 2008, Estados Unidos export\u00f3 al mundo una grave crisis financiera. Desde su elecci\u00f3n en 2017 Donald Trump muestra, casi a diario, que en vez de calmar al mundo y a su pa\u00eds, prefiere fomentar conflictos y azuzar discordias. Sus reacciones a la pandemia han reconfirmado que la Casa Blanca es un aliado vol\u00e1til, torpe y poco confiable.<\/p>\n\n\n\n<p>La gran iron\u00eda de que Estados Unidos irradie inestabilidad es que uno de los mayores beneficiarios del orden internacional que Trump est\u00e1 desvencijando, es la naci\u00f3n que \u00e9l preside.<\/p>\n\n\n\n<p>2) La cooperaci\u00f3n internacional.<\/p>\n\n\n\n<p>La pandemia ha confirmado que no existe una comunidad internacional capaz de enfrentar concertadamente amenazas globales. Las tragedias de Siria, Yemen, Venezuela o los Rohingyas son s\u00f3lo algunos ejemplos de la inefectividad de la comunidad internacional. Esa comunidad internacional idealizada, que trabaja coordinadamente, ha brillado por su ausencia durante esta emergencia sanitaria.<\/p>\n\n\n\n<p>As\u00ed, en momentos en que enfrentamos a un enemigo global, los pa\u00edses, en vez de unirse para enfrentar juntos el enemigo com\u00fan, se atrincheran detr\u00e1s de sus fronteras. La pandemia deber\u00eda haber fortalecido a la Organizaci\u00f3n Mundial de la Salud (OMS), un ente multilateral defectuoso pero indispensable. En cambio, Estados Unidos, convencido de que la OMS ha sido capturada por el gobierno chino, en vez de liderar una gran coalici\u00f3n internacional para reformar a este organismo multilateral, decide retirarse del mismo.<\/p>\n\n\n\n<p>La desconfianza a la cooperaci\u00f3n internacional tambi\u00e9n ha contribuido a fragmentar y hacer m\u00e1s ineficiente la coordinaci\u00f3n entre pa\u00edses con respecto a normas, producci\u00f3n y distribuci\u00f3n de medicinas y materiales m\u00e9dicos, por ejemplo. Y esta es otra iron\u00eda: el desprestigio de la colaboraci\u00f3n internacional ha hecho que a una amenaza global se le haya dado una respuesta esencialmente local \u2014e inadecuada\u2014.<\/p>\n\n\n\n<p>3) La austeridad fiscal.<\/p>\n\n\n\n<p>Esta idea, antes muy popular como remedio obligatorio para enfrentar una crisis financiera ahora es t\u00f3xica. Ante un crash econ\u00f3mico, el gobierno deb\u00eda restringir severamente sus gastos y deudas. Ahora es todo lo contrario: gastar m\u00e1s y endeudarse m\u00e1s es la receta de moda. As\u00ed, en todas partes, los gobiernos han aumentado el gasto p\u00fablico a niveles in\u00e9ditos. El d\u00e9ficit fiscal, que es la diferencia entre la recaudaci\u00f3n de impuestos y otros ingresos del gobierno y el gasto p\u00fablico, se ha disparado a niveles nunca vistos.<\/p>\n\n\n\n<p>En Estados Unidos, por ejemplo, el d\u00e9ficit fiscal de este a\u00f1o alcanzar\u00e1 un monto equivalente al 24% del total de la gigantesca econom\u00eda estadounidense. El endeudamiento de casi todos los pa\u00edses tambi\u00e9n ha aumentado. La deuda m\u00e1s grande del mundo en relaci\u00f3n al tama\u00f1o de su econom\u00eda la tiene Jap\u00f3n. EU es el campe\u00f3n mundial en cuanto al monto absoluto de dinero que debe (20 billones \u2014o trillones, en ingl\u00e9s\u2014). En los pr\u00f3ximos a\u00f1os, cu\u00e1ndo y c\u00f3mo se pagar\u00e1n estas deudas (\u00a1y por qui\u00e9n!) ser\u00e1 un importante y furibundo debate global.<\/p>\n\n\n\n<p>4) La globalizaci\u00f3n.<\/p>\n\n\n\n<p>Esta es otra idea que antes era idealizada y ahora es demonizada. Como suele ocurrir, no era tan buena antes, ni es tan mala ahora. Para muchos, la globalizaci\u00f3n se expresa en t\u00e9rminos del flujo de productos y dinero entre pa\u00edses.<\/p>\n\n\n\n<p>Para otros, su principal y m\u00e1s preocupante manifestaci\u00f3n es la inmigraci\u00f3n. En la pr\u00e1ctica, la globalizaci\u00f3n es mucho m\u00e1s complicada. Incluye, por supuesto, el enorme aumento de los flujos internacionales de productos, servicios, dinero e informaci\u00f3n. Pero tambi\u00e9n incluye las actividades de terroristas, traficantes, criminales, cient\u00edficos, artistas, fil\u00e1ntropos, activistas, deportistas y organizaciones no gubernamentales. Y, por supuesto, tambi\u00e9n a las enfermedades que ahora se mueven a gran velocidad entre continentes.<\/p>\n\n\n\n<p>Los gobiernos pueden obstaculizar algunas de sus manifestaciones o estimular otras. Lo que nadie puede hacer es detener por completo las m\u00faltiples formas en las que se entrelazan los pa\u00edses. La pandemia y sus graves secuelas econ\u00f3micas van a fomentar la b\u00fasqueda y adopci\u00f3n de pol\u00edticas que amortig\u00fcen los shocks externos que peri\u00f3dicamente sacuden a los pa\u00edses. Habr\u00e1 m\u00e1s proteccionismo. Pero las ventajas y atractivos de algunas facetas de la globalizaci\u00f3n no desaparecer\u00e1n.<\/p>\n\n\n\n<p>\u00bfQu\u00e9 tiene en com\u00fan estas cuatro ideas da\u00f1adas? Que las cuatro son importantes pilares del orden mundial que surgi\u00f3 despu\u00e9s de la segunda guerra mundial. Si bien los cuatro est\u00e1n da\u00f1ados y desprestigiados es posible repararlos y mejorarlos. Este es un principal\u00edsimo reto en los a\u00f1os por venir.<\/p>\n\n\n\n<p>Miembro distinguido del Carnegie Endowment for International Peace<\/p>\n\n\n\n<p>Twitter: @moisesna<\/p>\n","protected":false},"excerpt":{"rendered":"<p>Habr\u00e1 m\u00e1s proteccionismo. Pero las ventajas y atractivos de algunas facetas de la globalizaci\u00f3n no desaparecer\u00e1n Por: Mois\u00e9s Na\u00edm<\/p>\n","protected":false},"author":81,"featured_media":0,"comment_status":"closed","ping_status":"open","sticky":false,"template":"","format":"standard","meta":{"footnotes":""},"categories":[42],"tags":[],"class_list":["post-121433","post","type-post","status-publish","format-standard","hentry","category-nuestrapalabra"],"_links":{"self":[{"href":"https:\/\/plazajuarez.mx\/historico\/wp-json\/wp\/v2\/posts\/121433","targetHints":{"allow":["GET"]}}],"collection":[{"href":"https:\/\/plazajuarez.mx\/historico\/wp-json\/wp\/v2\/posts"}],"about":[{"href":"https:\/\/plazajuarez.mx\/historico\/wp-json\/wp\/v2\/types\/post"}],"author":[{"embeddable":true,"href":"https:\/\/plazajuarez.mx\/historico\/wp-json\/wp\/v2\/users\/81"}],"replies":[{"embeddable":true,"href":"https:\/\/plazajuarez.mx\/historico\/wp-json\/wp\/v2\/comments?post=121433"}],"version-history":[{"count":0,"href":"https:\/\/plazajuarez.mx\/historico\/wp-json\/wp\/v2\/posts\/121433\/revisions"}],"wp:attachment":[{"href":"https:\/\/plazajuarez.mx\/historico\/wp-json\/wp\/v2\/media?parent=121433"}],"wp:term":[{"taxonomy":"category","embeddable":true,"href":"https:\/\/plazajuarez.mx\/historico\/wp-json\/wp\/v2\/categories?post=121433"},{"taxonomy":"post_tag","embeddable":true,"href":"https:\/\/plazajuarez.mx\/historico\/wp-json\/wp\/v2\/tags?post=121433"}],"curies":[{"name":"wp","href":"https:\/\/api.w.org\/{rel}","templated":true}]}}