{"id":121431,"date":"2020-06-30T06:45:26","date_gmt":"2020-06-30T11:45:26","guid":{"rendered":"https:\/\/plazajuarez.mx\/?p=121431"},"modified":"2020-06-30T06:45:39","modified_gmt":"2020-06-30T11:45:39","slug":"realizaran-en-hidalgo-foros-cientificos-de-produccion-agricola","status":"publish","type":"post","link":"https:\/\/plazajuarez.mx\/historico\/realizaran-en-hidalgo-foros-cientificos-de-produccion-agricola\/","title":{"rendered":"Realizar\u00e1n en Hidalgo foros cient\u00edficos de producci\u00f3n agr\u00edcola"},"content":{"rendered":"\n<ul class=\"wp-block-list\"><li><strong>Se llevar\u00e1n a cabo en la Universidad Tecnol\u00f3gica del Valle del Mezquital<\/strong><\/li><\/ul>\n\n\n\n<!--more-->\n\n\n\n<p>El Centro de Investigaci\u00f3n y Desarrollo de Agrobiotecnolog\u00eda Alimentaria Hidalgo (CIDEA), que forma parte del Centro de Investigaci\u00f3n en Alimentaci\u00f3n y Desarrollo (CIAD), realizar\u00e1 un ciclo de foros y talleres cient\u00edficos en la Universidad Tecnol\u00f3gica del Valle del Mezquital (UTVM), con el objetivo de impulsar los sistemas de producci\u00f3n agr\u00edcola en dicha regi\u00f3n,<\/p>\n\n\n\n<p>En ese sentido, se llevar\u00e1n a cabo los pr\u00f3ximo 19 y 20 de octubre, dentro de la Semana Nacional de la Ciencia y Tecnolog\u00eda. Cabe destacar que mediante este evento, buscan fortalecer las vocaciones cient\u00edficas en estudiantes de nivel medio superior y superior, as\u00ed como encaminarlos a portar y divulgar el conocimiento.<\/p>\n\n\n\n<p>Asimismo, a trav\u00e9s de estas actividades tambi\u00e9n buscan generar intercambios de saberes entre productores, instituciones acad\u00e9micas y gubernamentales, que facilite la muestra de problem\u00e1ticas en el sector productivo del Valle del Mezquital y las posibles soluciones.<\/p>\n","protected":false},"excerpt":{"rendered":"<p>Se llevar\u00e1n a cabo en la Universidad Tecnol\u00f3gica del Valle del Mezquital<\/p>\n","protected":false},"author":93,"featured_media":0,"comment_status":"closed","ping_status":"open","sticky":false,"template":"","format":"standard","meta":{"footnotes":""},"categories":[59],"tags":[],"class_list":["post-121431","post","type-post","status-publish","format-standard","hentry","category-general"],"_links":{"self":[{"href":"https:\/\/plazajuarez.mx\/historico\/wp-json\/wp\/v2\/posts\/121431","targetHints":{"allow":["GET"]}}],"collection":[{"href":"https:\/\/plazajuarez.mx\/historico\/wp-json\/wp\/v2\/posts"}],"about":[{"href":"https:\/\/plazajuarez.mx\/historico\/wp-json\/wp\/v2\/types\/post"}],"author":[{"embeddable":true,"href":"https:\/\/plazajuarez.mx\/historico\/wp-json\/wp\/v2\/users\/93"}],"replies":[{"embeddable":true,"href":"https:\/\/plazajuarez.mx\/historico\/wp-json\/wp\/v2\/comments?post=121431"}],"version-history":[{"count":0,"href":"https:\/\/plazajuarez.mx\/historico\/wp-json\/wp\/v2\/posts\/121431\/revisions"}],"wp:attachment":[{"href":"https:\/\/plazajuarez.mx\/historico\/wp-json\/wp\/v2\/media?parent=121431"}],"wp:term":[{"taxonomy":"category","embeddable":true,"href":"https:\/\/plazajuarez.mx\/historico\/wp-json\/wp\/v2\/categories?post=121431"},{"taxonomy":"post_tag","embeddable":true,"href":"https:\/\/plazajuarez.mx\/historico\/wp-json\/wp\/v2\/tags?post=121431"}],"curies":[{"name":"wp","href":"https:\/\/api.w.org\/{rel}","templated":true}]}}