{"id":121282,"date":"2020-06-29T10:00:40","date_gmt":"2020-06-29T15:00:40","guid":{"rendered":"https:\/\/plazajuarez.mx\/?p=121282"},"modified":"2020-06-29T10:00:54","modified_gmt":"2020-06-29T15:00:54","slug":"amlo-anuncia-investigacion-por-liberacion-de-madre-de-el-marro","status":"publish","type":"post","link":"https:\/\/plazajuarez.mx\/historico\/amlo-anuncia-investigacion-por-liberacion-de-madre-de-el-marro\/","title":{"rendered":"AMLO anuncia investigaci\u00f3n por liberaci\u00f3n de madre de &#8220;El Marro&#8221;"},"content":{"rendered":"\n<ul class=\"wp-block-list\"><li><strong>&#8220;Se va a realizar una investigaci\u00f3n a fondo para revisar por qu\u00e9 motivo se dej\u00f3 en libertad a estas personas&#8221;, dijo L\u00f3pez Obrador<\/strong><\/li><\/ul>\n\n\n\n<!--more-->\n\n\n\n<p>El presidente Andr\u00e9s Manuel L\u00f3pez Obrador lament\u00f3 la liberaci\u00f3n de Mar\u00eda Eva &#8220;N&#8221;, mam\u00e1 de Jos\u00e9 Antonio Y\u00e9pez Ortiz &#8220;El Marro&#8221;, l\u00edder del C\u00e1rtel de Santa Rosa de Lima, y asegur\u00f3 que esta acci\u00f3n tiene que ver con la ineficiencia y la corrupci\u00f3n, por lo que anunci\u00f3 una investigaci\u00f3n por este hecho.<\/p>\n\n\n\n<p><br>&#8220;Lamento mucho tiene que ver con un problema a\u00f1ejo, vinculado con dos elementos: ineficiencias y corrupci\u00f3n. Siempre se habla de que se deja en libertad en presuntos delincuentes es porque no se integr\u00f3 la averiguaci\u00f3n y es una forma de ocultar un acuerdo, una transa, siempre andan buscando algunos jueces -no generalizo- pero hay jueces que buscan si hubo alguna falta en la hora de la detenci\u00f3n en los papeles que se presentaron, en cualquier cosa para dejar a libertad a presuntos delincuentes.<\/p>\n\n\n\n<p><br>&#8220;Se va a realizar una investigaci\u00f3n a fondo para revisar por qu\u00e9 motivo se dej\u00f3 en libertad a estas personas&#8221;.<\/p>\n\n\n\n<p><br>En conferencia de prensa, el Ejecutivo federal se\u00f1al\u00f3 que es &#8220;at\u00edpico&#8221; lo que pasa en Guanajuato, estado que tiene altos \u00edndices de homicidios, y una entidad donde el fiscal general lleva m\u00e1s de 12 a\u00f1os, por que llam\u00f3 a que haya una renovaci\u00f3n.<\/p>\n\n\n\n<p><br>&#8220;Es muy raro lo que est\u00e1 pasando en Guanajuato, es un estado que tiene muy elevados \u00edndices de homicidios, es el estado con m\u00e1s homicidios, pero ya lleva tiempo, y las autoridades judiciales son las mismas, el fiscal de Guanajuato ya lleva muchos a\u00f1os. \u00bfCu\u00e1ntos? 12 a\u00f1os, y tiene que haber una renovaci\u00f3n en Guanajuato. Desde luego lo digo con todo respeto a la autonom\u00eda del gobierno de Guanajuato, pero es at\u00edpico lo que est\u00e1 sucediendo completamente&#8221;.<\/p>\n\n\n\n<p><br>El mandatario se\u00f1al\u00f3 que entre el 10 y 15% de los homicidios que se cometen en el pa\u00eds ocurren en ese estado &#8220;y hay veces que llega a ser el 20% de homicidios, y cuando se act\u00faa de esta forma esto tiene que ver con la actuaci\u00f3n de la Federaci\u00f3n, de la actuaci\u00f3n de la Defensa se dan estos casos de libertad a presuntos delincuentes&#8221;.<\/p>\n\n\n\n<p><br>&#8220;Entonces si hace falta hacer una investigaci\u00f3n de fondo en el caso de Guanajuato&#8221;.<\/p>\n\n\n\n<p><br>El presidente L\u00f3pez Obrador se\u00f1al\u00f3 que pedir\u00e1 a Alfonso Durazo Monta\u00f1o, titular de Seguridad y Protecci\u00f3n Ciudadana (SSPC) el informe de estas investigaciones en el caso de esa entidad.<\/p>\n","protected":false},"excerpt":{"rendered":"<p>&#8220;Se va a realizar una investigaci\u00f3n a fondo para revisar por qu\u00e9 motivo se dej\u00f3 en libertad a estas personas&#8221;, dijo L\u00f3pez Obrador<\/p>\n","protected":false},"author":81,"featured_media":0,"comment_status":"closed","ping_status":"open","sticky":false,"template":"","format":"standard","meta":{"footnotes":""},"categories":[15,36],"tags":[],"class_list":["post-121282","post","type-post","status-publish","format-standard","hentry","category-destacadas","category-nacion"],"_links":{"self":[{"href":"https:\/\/plazajuarez.mx\/historico\/wp-json\/wp\/v2\/posts\/121282","targetHints":{"allow":["GET"]}}],"collection":[{"href":"https:\/\/plazajuarez.mx\/historico\/wp-json\/wp\/v2\/posts"}],"about":[{"href":"https:\/\/plazajuarez.mx\/historico\/wp-json\/wp\/v2\/types\/post"}],"author":[{"embeddable":true,"href":"https:\/\/plazajuarez.mx\/historico\/wp-json\/wp\/v2\/users\/81"}],"replies":[{"embeddable":true,"href":"https:\/\/plazajuarez.mx\/historico\/wp-json\/wp\/v2\/comments?post=121282"}],"version-history":[{"count":0,"href":"https:\/\/plazajuarez.mx\/historico\/wp-json\/wp\/v2\/posts\/121282\/revisions"}],"wp:attachment":[{"href":"https:\/\/plazajuarez.mx\/historico\/wp-json\/wp\/v2\/media?parent=121282"}],"wp:term":[{"taxonomy":"category","embeddable":true,"href":"https:\/\/plazajuarez.mx\/historico\/wp-json\/wp\/v2\/categories?post=121282"},{"taxonomy":"post_tag","embeddable":true,"href":"https:\/\/plazajuarez.mx\/historico\/wp-json\/wp\/v2\/tags?post=121282"}],"curies":[{"name":"wp","href":"https:\/\/api.w.org\/{rel}","templated":true}]}}