{"id":121254,"date":"2020-06-29T06:00:00","date_gmt":"2020-06-29T11:00:00","guid":{"rendered":"https:\/\/plazajuarez.mx\/?p=121254"},"modified":"2020-06-28T23:43:05","modified_gmt":"2020-06-29T04:43:05","slug":"a-la-baja-cifra-de-hidalguenses-deportados","status":"publish","type":"post","link":"https:\/\/plazajuarez.mx\/historico\/a-la-baja-cifra-de-hidalguenses-deportados\/","title":{"rendered":"A la baja, cifra de hidalguenses deportados"},"content":{"rendered":"\n<ul class=\"wp-block-list\"><li><strong>Seg\u00fan datos del Instituto Nacional de Migraci\u00f3n, son menos los repatriados desde EU\u00a0<\/strong><\/li><\/ul>\n\n\n\n<!--more-->\n\n\n\n<p>De enero a abril de este a\u00f1o, el n\u00famero de migrantes repatriados de Estados Unidos a M\u00e9xico fue de mil 877 hidalguenses, lo que significa una disminuci\u00f3n respecto a los primeros cuatro meses del a\u00f1o pasado, seg\u00fan datos del Instituto Nacional de Migraci\u00f3n (INM).\u00a0\u00a0<\/p>\n\n\n\n<p>Seg\u00fan los datos del Instituto y de la Unidad de Pol\u00edtica Migratoria de la Secretar\u00eda de Gobernaci\u00f3n Federal, un informe presentado se\u00f1ala que el n\u00famero de repatriados disminuy\u00f3 en relaci\u00f3n con el primer cuatrimestre del 2019, ya que el a\u00f1o pasado de enero a abril se repatriaron mil 908 hidalguenses, lo que representa una disminuci\u00f3n de 31 personas.&nbsp;&nbsp;<\/p>\n\n\n\n<p>En total, de los mil 877 hidalguenses repatriados, mil 738 fueron hombres y solo 139 eran mujeres, lo que se\u00f1ala que el 92 por ciento de los hidalguenses repatriados al estado de Hidalgo son varones y el 8 por ciento son mujeres.&nbsp;&nbsp;<\/p>\n","protected":false},"excerpt":{"rendered":"<p>Seg\u00fan datos del Instituto Nacional de Migraci\u00f3n, son menos los repatriados desde EU\u00a0<\/p>\n","protected":false},"author":93,"featured_media":0,"comment_status":"closed","ping_status":"open","sticky":false,"template":"","format":"standard","meta":{"footnotes":""},"categories":[59],"tags":[],"class_list":["post-121254","post","type-post","status-publish","format-standard","hentry","category-general"],"_links":{"self":[{"href":"https:\/\/plazajuarez.mx\/historico\/wp-json\/wp\/v2\/posts\/121254","targetHints":{"allow":["GET"]}}],"collection":[{"href":"https:\/\/plazajuarez.mx\/historico\/wp-json\/wp\/v2\/posts"}],"about":[{"href":"https:\/\/plazajuarez.mx\/historico\/wp-json\/wp\/v2\/types\/post"}],"author":[{"embeddable":true,"href":"https:\/\/plazajuarez.mx\/historico\/wp-json\/wp\/v2\/users\/93"}],"replies":[{"embeddable":true,"href":"https:\/\/plazajuarez.mx\/historico\/wp-json\/wp\/v2\/comments?post=121254"}],"version-history":[{"count":0,"href":"https:\/\/plazajuarez.mx\/historico\/wp-json\/wp\/v2\/posts\/121254\/revisions"}],"wp:attachment":[{"href":"https:\/\/plazajuarez.mx\/historico\/wp-json\/wp\/v2\/media?parent=121254"}],"wp:term":[{"taxonomy":"category","embeddable":true,"href":"https:\/\/plazajuarez.mx\/historico\/wp-json\/wp\/v2\/categories?post=121254"},{"taxonomy":"post_tag","embeddable":true,"href":"https:\/\/plazajuarez.mx\/historico\/wp-json\/wp\/v2\/tags?post=121254"}],"curies":[{"name":"wp","href":"https:\/\/api.w.org\/{rel}","templated":true}]}}