{"id":121233,"date":"2020-06-29T06:00:00","date_gmt":"2020-06-29T11:00:00","guid":{"rendered":"https:\/\/plazajuarez.mx\/?p=121233"},"modified":"2020-06-28T23:30:00","modified_gmt":"2020-06-29T04:30:00","slug":"balnearios-del-estado-continuaran-cerrados-hasta-nuevo-aviso","status":"publish","type":"post","link":"https:\/\/plazajuarez.mx\/historico\/balnearios-del-estado-continuaran-cerrados-hasta-nuevo-aviso\/","title":{"rendered":"Balnearios del estado, continuar\u00e1n cerrados hasta nuevo aviso"},"content":{"rendered":"\n<ul class=\"wp-block-list\"><li><strong>Debido al regreso de la entidad al sem\u00e1foro rojo por el Covid-19<\/strong><\/li><\/ul>\n\n\n\n<!--more-->\n\n\n\n<p>Mediante un comunicado, la Asociaci\u00f3n de Balnearios, Parques Acu\u00e1ticos y Centros Ecotur\u00edsticos del Estado de Hidalgo (ABEH), dio a conocer que estos establecimientos continuar\u00e1n cerrados hasta nuevo aviso, como consecuencia de que la entidad regres\u00f3 al sem\u00e1foro rojo por el Covid-19.<\/p>\n\n\n\n<p>En ese sentido, la organizaci\u00f3n se\u00f1al\u00f3 que al ser una empresa socialmente responsable tienen el deber de mantener sus puertas cerradas, hasta que las autoridades sanitarias permitan la reapertura de las actividades tur\u00edsticas y respetando todos los protocolos de salud implementados por el gobierno.<\/p>\n\n\n\n<p>Apenas el pasado 24 de junio, la presidenta de la ABEH, Anel Torres Bi\u00f1uelo anunci\u00f3 la reapertura de estos centros tur\u00edsticos, pues el 22 de junio, las autoridades sanitarias decretaron el sem\u00e1foro naranja en Hidalgo, sin embargo, s\u00f3lo dos d\u00edas despu\u00e9s, el director general de promoci\u00f3n de la salud, indic\u00f3 que el estado regres\u00f3 a la fase color rojo por el SARS-CoV-2 Covid-19.<\/p>\n\n\n\n<p>Por lo anterior, la asociaci\u00f3n exhort\u00f3 a visitantes, colaboradores y a poblaci\u00f3n en general a quedarse en casa y continuar con las medidas sanitarias para que pronto puedan reabrirse estos lugares.<\/p>\n","protected":false},"excerpt":{"rendered":"<p>Debido al regreso de la entidad al sem\u00e1foro rojo por el Covid-19<\/p>\n","protected":false},"author":93,"featured_media":0,"comment_status":"closed","ping_status":"open","sticky":false,"template":"","format":"standard","meta":{"footnotes":""},"categories":[59],"tags":[],"class_list":["post-121233","post","type-post","status-publish","format-standard","hentry","category-general"],"_links":{"self":[{"href":"https:\/\/plazajuarez.mx\/historico\/wp-json\/wp\/v2\/posts\/121233","targetHints":{"allow":["GET"]}}],"collection":[{"href":"https:\/\/plazajuarez.mx\/historico\/wp-json\/wp\/v2\/posts"}],"about":[{"href":"https:\/\/plazajuarez.mx\/historico\/wp-json\/wp\/v2\/types\/post"}],"author":[{"embeddable":true,"href":"https:\/\/plazajuarez.mx\/historico\/wp-json\/wp\/v2\/users\/93"}],"replies":[{"embeddable":true,"href":"https:\/\/plazajuarez.mx\/historico\/wp-json\/wp\/v2\/comments?post=121233"}],"version-history":[{"count":0,"href":"https:\/\/plazajuarez.mx\/historico\/wp-json\/wp\/v2\/posts\/121233\/revisions"}],"wp:attachment":[{"href":"https:\/\/plazajuarez.mx\/historico\/wp-json\/wp\/v2\/media?parent=121233"}],"wp:term":[{"taxonomy":"category","embeddable":true,"href":"https:\/\/plazajuarez.mx\/historico\/wp-json\/wp\/v2\/categories?post=121233"},{"taxonomy":"post_tag","embeddable":true,"href":"https:\/\/plazajuarez.mx\/historico\/wp-json\/wp\/v2\/tags?post=121233"}],"curies":[{"name":"wp","href":"https:\/\/api.w.org\/{rel}","templated":true}]}}