{"id":121220,"date":"2020-06-29T06:00:00","date_gmt":"2020-06-29T11:00:00","guid":{"rendered":"https:\/\/plazajuarez.mx\/?p=121220"},"modified":"2020-06-28T23:15:14","modified_gmt":"2020-06-29T04:15:14","slug":"evento-de-trump-peligroso","status":"publish","type":"post","link":"https:\/\/plazajuarez.mx\/historico\/evento-de-trump-peligroso\/","title":{"rendered":"Evento de Trump, \u201cpeligroso\u201d"},"content":{"rendered":"\n<ul class=\"wp-block-list\"><li><strong>Subrayan que la Convenci\u00f3n Nacional Republicana deber\u00eda posponer ese acto<\/strong><\/li><\/ul>\n\n\n\n<!--more-->\n\n\n\n<p>(EFE).- Unos 200 m\u00e9dicos advirtieron al alcalde de Jacksonville (Florida), Lenny Curry, que celebrar en esta ciudad el acto en el que el presidente Donald Trump aceptar\u00e1 la candidatura republicana es &#8220;extremadamente peligroso&#8221; cuando Florida es uno de los focos candentes de la COVID-19 en EU.<\/p>\n\n\n\n<p>Permitir que m\u00e1s de 40 mil personas de todo el pa\u00eds, incluyendo periodistas y manifestantes en contra de Trump, vengan a Jacksonville es &#8220;una provocaci\u00f3n inequ\u00edvoca a la enfermedad&#8221;, &#8220;previsiblemente da\u00f1ina e irrespetuosa desde el punto de vista m\u00e9dico para los habitantes de la ciudad y del resto del pa\u00eds&#8221;, se\u00f1alan los m\u00e9dicos en una carta publicada en <em>firstcoastnews.com<\/em> y otros medios.<\/p>\n\n\n\n<p>Los firmantes de la carta subrayan que la Convenci\u00f3n Nacional Republicana deber\u00eda posponer ese acto, fijado para el 27 de agosto, o reducir significativamente el aforo y el alcalde Curry deber\u00eda ordenar el uso obligatorio de mascarillas en la ciudad antes de esa fecha como han hecho otras ciudades de Florida.<\/p>\n\n\n\n<p>Curry anunci\u00f3 este mes que hab\u00eda aceptado que el acto final de la Convenci\u00f3n Nacional Republicana que se celebrar\u00e1 en Charlotte (Carolina del Norte) tenga lugar en Jacksonville (nordeste de Florida).<\/p>\n\n\n\n<p>El gobernador de Carolina del Norte, Roy Cooper, se neg\u00f3 a celebrar un evento multitudinario por temor a un aumento en el n\u00famero de contagios de la COVID-19.<\/p>\n","protected":false},"excerpt":{"rendered":"<p>Subrayan que la Convenci\u00f3n Nacional Republicana deber\u00eda posponer ese acto<\/p>\n","protected":false},"author":80,"featured_media":0,"comment_status":"closed","ping_status":"open","sticky":false,"template":"","format":"standard","meta":{"footnotes":""},"categories":[31],"tags":[],"class_list":["post-121220","post","type-post","status-publish","format-standard","hentry","category-orbe"],"_links":{"self":[{"href":"https:\/\/plazajuarez.mx\/historico\/wp-json\/wp\/v2\/posts\/121220","targetHints":{"allow":["GET"]}}],"collection":[{"href":"https:\/\/plazajuarez.mx\/historico\/wp-json\/wp\/v2\/posts"}],"about":[{"href":"https:\/\/plazajuarez.mx\/historico\/wp-json\/wp\/v2\/types\/post"}],"author":[{"embeddable":true,"href":"https:\/\/plazajuarez.mx\/historico\/wp-json\/wp\/v2\/users\/80"}],"replies":[{"embeddable":true,"href":"https:\/\/plazajuarez.mx\/historico\/wp-json\/wp\/v2\/comments?post=121220"}],"version-history":[{"count":0,"href":"https:\/\/plazajuarez.mx\/historico\/wp-json\/wp\/v2\/posts\/121220\/revisions"}],"wp:attachment":[{"href":"https:\/\/plazajuarez.mx\/historico\/wp-json\/wp\/v2\/media?parent=121220"}],"wp:term":[{"taxonomy":"category","embeddable":true,"href":"https:\/\/plazajuarez.mx\/historico\/wp-json\/wp\/v2\/categories?post=121220"},{"taxonomy":"post_tag","embeddable":true,"href":"https:\/\/plazajuarez.mx\/historico\/wp-json\/wp\/v2\/tags?post=121220"}],"curies":[{"name":"wp","href":"https:\/\/api.w.org\/{rel}","templated":true}]}}