{"id":121013,"date":"2020-06-28T06:45:15","date_gmt":"2020-06-28T11:45:15","guid":{"rendered":"https:\/\/plazajuarez.mx\/?p=121013"},"modified":"2020-06-28T06:45:29","modified_gmt":"2020-06-28T11:45:29","slug":"dan-mantenimiento-a-cancha-de-futbol-rapido","status":"publish","type":"post","link":"https:\/\/plazajuarez.mx\/historico\/dan-mantenimiento-a-cancha-de-futbol-rapido\/","title":{"rendered":"Dan mantenimiento a cancha de futbol r\u00e1pido"},"content":{"rendered":"\n<ul class=\"wp-block-list\"><li><strong>Esta labor la realizan cada seis meses con una inversi\u00f3n aproximada de 50 mil pesos<\/strong><\/li><\/ul>\n\n\n\n<ul class=\"wp-block-list\"><li><strong>Los recursos son\u00a0 tomados de Recurso Propio (Repo) gracias al pago oportuno de las contribuciones ciudadanas<\/strong><\/li><\/ul>\n\n\n\n<!--more-->\n\n\n\n<p><strong>Santiago Tulantepec<\/strong>.- Con el objetivo de mejorar las instalaciones de recreaci\u00f3n y deporte del municipio de Santiago Tulantepec, la actual administraci\u00f3n, a trav\u00e9s de la direcci\u00f3n de Obras P\u00fablicas, realiz\u00f3 el mantenimiento de la cancha de f\u00fatbol r\u00e1pido del deportivo \u201cJos\u00e9 Lugo Guerrero\u201d.\u00a0<\/p>\n\n\n\n<p>Los trabajos consistieron en \u201ccepillar\u201d el pasto sint\u00e9tico para levantarlo, posteriormente un riego de caucho en toda el \u00e1rea para suavizar la superficie y as\u00ed cuidar la integridad de usuarios y extender el tiempo \u00fatil de la cancha de f\u00fatbol.&nbsp;<\/p>\n\n\n\n<p>La alcaldesa, Paola Jazm\u00edn Dom\u00ednguez, reiter\u00f3 su compromiso con el deporte y la sana convivencia entre habitantes santiaguenses, pues es a trav\u00e9s de estos que cada ciudadano podr\u00e1 continuar fortaleciendo el trabajo en equipo, los h\u00e1bitos saludables y la activaci\u00f3n, necesarios para una vida sana y libre.&nbsp;<\/p>\n\n\n\n<p>La actual administraci\u00f3n ha realizado diversos esfuerzos para rescatar los espacios de recreaci\u00f3n y convivencia de Santiago Tulantepec, como la gesti\u00f3n del Parque familiar \u201cSan Isidro\u201d, el empastado del Deportivo \u201cJos\u00e9 Lugo Guerrero\u201d, el parque \u201cSan Jos\u00e9\u201d y recientemente la instalaci\u00f3n de gimnasios al aire libre en 10 puntos estrat\u00e9gicos del municipio: Las Lajas, Los Romeros, Felipe \u00c1ngeles, Unidades Habitacionales, Altepemila, Tilhuacan, Ventoquipa, 2 de enero, Vicente Guerrero y Centro, invirtiendo un total de $4 millones 731 mil 684.13, una cantidad hist\u00f3rica en el municipio.<\/p>\n","protected":false},"excerpt":{"rendered":"<p>Esta labor la realizan cada seis meses con una inversi\u00f3n aproximada de 50 mil pesos Los recursos son\u00a0 tomados de Recurso Propio (Repo) gracias al pago oportuno de las contribuciones ciudadanas<\/p>\n","protected":false},"author":70,"featured_media":0,"comment_status":"closed","ping_status":"open","sticky":false,"template":"","format":"standard","meta":{"footnotes":""},"categories":[40],"tags":[],"class_list":["post-121013","post","type-post","status-publish","format-standard","hentry","category-region"],"_links":{"self":[{"href":"https:\/\/plazajuarez.mx\/historico\/wp-json\/wp\/v2\/posts\/121013","targetHints":{"allow":["GET"]}}],"collection":[{"href":"https:\/\/plazajuarez.mx\/historico\/wp-json\/wp\/v2\/posts"}],"about":[{"href":"https:\/\/plazajuarez.mx\/historico\/wp-json\/wp\/v2\/types\/post"}],"author":[{"embeddable":true,"href":"https:\/\/plazajuarez.mx\/historico\/wp-json\/wp\/v2\/users\/70"}],"replies":[{"embeddable":true,"href":"https:\/\/plazajuarez.mx\/historico\/wp-json\/wp\/v2\/comments?post=121013"}],"version-history":[{"count":0,"href":"https:\/\/plazajuarez.mx\/historico\/wp-json\/wp\/v2\/posts\/121013\/revisions"}],"wp:attachment":[{"href":"https:\/\/plazajuarez.mx\/historico\/wp-json\/wp\/v2\/media?parent=121013"}],"wp:term":[{"taxonomy":"category","embeddable":true,"href":"https:\/\/plazajuarez.mx\/historico\/wp-json\/wp\/v2\/categories?post=121013"},{"taxonomy":"post_tag","embeddable":true,"href":"https:\/\/plazajuarez.mx\/historico\/wp-json\/wp\/v2\/tags?post=121013"}],"curies":[{"name":"wp","href":"https:\/\/api.w.org\/{rel}","templated":true}]}}