{"id":121010,"date":"2020-06-28T06:48:05","date_gmt":"2020-06-28T11:48:05","guid":{"rendered":"https:\/\/plazajuarez.mx\/?p=121010"},"modified":"2020-06-28T06:48:16","modified_gmt":"2020-06-28T11:48:16","slug":"agradecen-a-pascual-charrez-en-manifestacion-los-apoyos-recibidos","status":"publish","type":"post","link":"https:\/\/plazajuarez.mx\/historico\/agradecen-a-pascual-charrez-en-manifestacion-los-apoyos-recibidos\/","title":{"rendered":"Agradecen a Pascual Charrez, en manifestaci\u00f3n, los  apoyos recibidos"},"content":{"rendered":"\n<ul class=\"wp-block-list\"><li><strong>Segunda manifestaci\u00f3n de apoyo, desde las acusaciones por sus probables nexos con la delincuencia organizada local&nbsp;<\/strong><\/li><\/ul>\n\n\n\n<ul class=\"wp-block-list\"><li><strong>El alcalde, ha recurrido a estas manifestaciones para expresarse contra el gobierno del estado\u00a0<\/strong><\/li><\/ul>\n\n\n\n<!--more-->\n\n\n\n<p><strong>Ixmiquilpan<\/strong>.- Nuevamente, vecinos afines al presidente municipal de Ixmiquilpan, Pascual Charrez, realizaron una manifestaci\u00f3n frente a la sede del Ayuntamiento, donde hicieron un recuento de apoyos y obras que se han realizado en sus localidades bajo la gesti\u00f3n de la actual administraci\u00f3n.\u00a0<\/p>\n\n\n\n<p>Esta, es la segunda manifestaci\u00f3n de apoyo al alcalde, con atenci\u00f3n a las acusaciones que pesan en su contra por sus probables nexos con la delincuencia organizada local. El alcalde, ha recurrido a estas manifestaciones para expresarse contra el gobierno del estado.&nbsp;<\/p>\n\n\n\n<p>El presidente municipal, es investigado por la Fiscal\u00eda General de la Rep\u00fablica (FGR), por sus presuntos nexos con la banda de \u201cLos Hades\u201d. En raz\u00f3n de esa investigaci\u00f3n, el alcalde ha recurrido a la presi\u00f3n social.&nbsp;<\/p>\n\n\n\n<p>Sin embargo, el resultado de la convocatoria ha sido escaso, a pesar que \u00e9sta se ha hecho extensiva a las comunidades y delegaciones municipales.&nbsp;<\/p>\n\n\n\n<p>Cabe se\u00f1alar, que tambi\u00e9n se ha pedido a los funcionarios de la administraci\u00f3n municipal participar en estas manifestaciones de \u201cagradecimiento\u201d.<\/p>\n","protected":false},"excerpt":{"rendered":"<p>Segunda manifestaci\u00f3n de apoyo, desde las acusaciones por sus probables nexos con la delincuencia organizada local&nbsp; El alcalde, ha recurrido a estas manifestaciones para expresarse contra el gobierno del estado\u00a0<\/p>\n","protected":false},"author":75,"featured_media":0,"comment_status":"closed","ping_status":"open","sticky":false,"template":"","format":"standard","meta":{"footnotes":""},"categories":[40],"tags":[],"class_list":["post-121010","post","type-post","status-publish","format-standard","hentry","category-region"],"_links":{"self":[{"href":"https:\/\/plazajuarez.mx\/historico\/wp-json\/wp\/v2\/posts\/121010","targetHints":{"allow":["GET"]}}],"collection":[{"href":"https:\/\/plazajuarez.mx\/historico\/wp-json\/wp\/v2\/posts"}],"about":[{"href":"https:\/\/plazajuarez.mx\/historico\/wp-json\/wp\/v2\/types\/post"}],"author":[{"embeddable":true,"href":"https:\/\/plazajuarez.mx\/historico\/wp-json\/wp\/v2\/users\/75"}],"replies":[{"embeddable":true,"href":"https:\/\/plazajuarez.mx\/historico\/wp-json\/wp\/v2\/comments?post=121010"}],"version-history":[{"count":0,"href":"https:\/\/plazajuarez.mx\/historico\/wp-json\/wp\/v2\/posts\/121010\/revisions"}],"wp:attachment":[{"href":"https:\/\/plazajuarez.mx\/historico\/wp-json\/wp\/v2\/media?parent=121010"}],"wp:term":[{"taxonomy":"category","embeddable":true,"href":"https:\/\/plazajuarez.mx\/historico\/wp-json\/wp\/v2\/categories?post=121010"},{"taxonomy":"post_tag","embeddable":true,"href":"https:\/\/plazajuarez.mx\/historico\/wp-json\/wp\/v2\/tags?post=121010"}],"curies":[{"name":"wp","href":"https:\/\/api.w.org\/{rel}","templated":true}]}}