{"id":121009,"date":"2020-06-28T06:45:36","date_gmt":"2020-06-28T11:45:36","guid":{"rendered":"https:\/\/plazajuarez.mx\/?p=121009"},"modified":"2020-06-28T06:45:44","modified_gmt":"2020-06-28T11:45:44","slug":"medidas-a-considerar-en-el-semaforo-naranja","status":"publish","type":"post","link":"https:\/\/plazajuarez.mx\/historico\/medidas-a-considerar-en-el-semaforo-naranja\/","title":{"rendered":"Medidas a considerar en el \u201cSem\u00e1foro naranja\u201d"},"content":{"rendered":"\n<ul class=\"wp-block-list\"><li><strong>A esta semana se le ha denominado \u201cde transici\u00f3n\u201d, en ella se difunden las medidas sanitarias para la reapertura&nbsp;<\/strong><\/li><\/ul>\n\n\n\n<ul class=\"wp-block-list\"><li><strong>Se reabrir\u00e1n giros comerciales adicionales, y m\u00e1s actividades, como el regreso a los centros de trabajo\u00a0\u00a0<\/strong><\/li><\/ul>\n\n\n\n<!--more-->\n\n\n\n<p><strong>Tula de Allende<\/strong>.- Tras darse a conocer el cambio de sem\u00e1foro epidemiol\u00f3gico de rojo a naranja en la entidad, la administraci\u00f3n municipal de Tula, que encabeza el alcalde Ismael Gadoth Tapia Ben\u00edtez, reforz\u00f3 el di\u00e1logo con prestadores de servicios, as\u00ed como las visitas a los comercios susceptibles de reabrir en esta etapa del sem\u00e1foro sanitario.<\/p>\n\n\n\n<p>La puesta en marcha del Operativo Escudo, ha marcado la pauta en las medidas sanitarias para el cuidado de la Salud de las y los hidalguenses.<\/p>\n\n\n\n<p>Esta semana a la que se le ha denominado \u201cde transici\u00f3n\u201d, consiste en la difusi\u00f3n de las medidas sanitarias para la reapertura de los giros comerciales adicionales, y la reincorporaci\u00f3n de m\u00e1s actividades.<\/p>\n\n\n\n<p>El secretario general municipal, Alejandro \u00c1lvarez Cer\u00f3n, indic\u00f3 que los lineamientos de Salud estatal explican cu\u00e1l es la forma del regreso a las actividades en lugares de mayor concentraci\u00f3n de personas (restaurantes, gimnasios, \u00e1reas deportivas, etc\u00e9tera).&nbsp;<\/p>\n\n\n\n<p>\u201cSe contin\u00faa en esta semana de transici\u00f3n con la revisi\u00f3n constante de estos giros comerciales y de servicio, con el acercamiento con los propietarios de los establecimientos, donde se tiene un avance sustancial en la toma de decisiones\u201d, dijo.<\/p>\n\n\n\n<p>El director de Reglamentos municipal, Manuel Mart\u00ednez, se\u00f1al\u00f3 que de forma conjunta con Salud Municipal y la Copriseh, se revisan los lineamientos con los que se debe continuar.<\/p>\n\n\n\n<p>En este paso en el sem\u00e1foro naranja, se pide que los restaurantes trabajen con una mesa s\u00ed y una no, as\u00ed como al 30 por ciento de la capacidad del inmueble, mientras que se sigue trabajando con los horarios de comercios no esenciales de 10:00 a 18:00 horas, los&nbsp; mi\u00e9rcoles, viernes y s\u00e1bados.<\/p>\n\n\n\n<p>Los establecimientos que todav\u00eda no podr\u00e1n abrir son los bares y las discotecas, mientras que en el caso de algunas cafeter\u00edas o taquer\u00edas con horario vespertino y nocturno s\u00f3lo se permite el servicio de las 13:00 a las 22:00 horas. A los gimnasios se les plantean de 6:00 a 10:00 horas y de 18:00 a 22:00 horas, los martes, jueves y s\u00e1bado.<\/p>\n\n\n\n<p>Anael Cruz, directora de Salud municipal, coment\u00f3 que en los restaurantes se pide realizar la revisi\u00f3n al ingreso con la toma de temperatura con term\u00f3metro digital infrarrojo, adem\u00e1s de no tener en las mesas saleros, servilleteros ni cartas de men\u00fa.<\/p>\n","protected":false},"excerpt":{"rendered":"<p>A esta semana se le ha denominado \u201cde transici\u00f3n\u201d, en ella se difunden las medidas sanitarias para la reapertura&nbsp; Se reabrir\u00e1n giros comerciales adicionales, y m\u00e1s actividades, como el regreso a los centros de trabajo\u00a0\u00a0<\/p>\n","protected":false},"author":93,"featured_media":0,"comment_status":"closed","ping_status":"open","sticky":false,"template":"","format":"standard","meta":{"footnotes":""},"categories":[40],"tags":[],"class_list":["post-121009","post","type-post","status-publish","format-standard","hentry","category-region"],"_links":{"self":[{"href":"https:\/\/plazajuarez.mx\/historico\/wp-json\/wp\/v2\/posts\/121009","targetHints":{"allow":["GET"]}}],"collection":[{"href":"https:\/\/plazajuarez.mx\/historico\/wp-json\/wp\/v2\/posts"}],"about":[{"href":"https:\/\/plazajuarez.mx\/historico\/wp-json\/wp\/v2\/types\/post"}],"author":[{"embeddable":true,"href":"https:\/\/plazajuarez.mx\/historico\/wp-json\/wp\/v2\/users\/93"}],"replies":[{"embeddable":true,"href":"https:\/\/plazajuarez.mx\/historico\/wp-json\/wp\/v2\/comments?post=121009"}],"version-history":[{"count":0,"href":"https:\/\/plazajuarez.mx\/historico\/wp-json\/wp\/v2\/posts\/121009\/revisions"}],"wp:attachment":[{"href":"https:\/\/plazajuarez.mx\/historico\/wp-json\/wp\/v2\/media?parent=121009"}],"wp:term":[{"taxonomy":"category","embeddable":true,"href":"https:\/\/plazajuarez.mx\/historico\/wp-json\/wp\/v2\/categories?post=121009"},{"taxonomy":"post_tag","embeddable":true,"href":"https:\/\/plazajuarez.mx\/historico\/wp-json\/wp\/v2\/tags?post=121009"}],"curies":[{"name":"wp","href":"https:\/\/api.w.org\/{rel}","templated":true}]}}