{"id":121006,"date":"2020-06-28T06:43:07","date_gmt":"2020-06-28T11:43:07","guid":{"rendered":"https:\/\/plazajuarez.mx\/?p=121006"},"modified":"2020-06-28T06:43:16","modified_gmt":"2020-06-28T11:43:16","slug":"suspenden-reapertura-de-balnearios","status":"publish","type":"post","link":"https:\/\/plazajuarez.mx\/historico\/suspenden-reapertura-de-balnearios\/","title":{"rendered":"Suspenden reapertura de balnearios"},"content":{"rendered":"\n<ul class=\"wp-block-list\"><li><strong>La suspensi\u00f3n se debe al retorno al sem\u00e1foro rojo de la pandemia&nbsp;<\/strong><\/li><\/ul>\n\n\n\n<!--more-->\n\n\n\n<p><strong>Valle del Mezquital.<\/strong>&#8211; Tras el retorno al sem\u00e1foro rojo de la pandemia de Covid-19, los balnearios y parques acu\u00e1ticos, que planeaban abrir sus puertas a partir del pr\u00f3ximo lunes con una nueva normalidad, han anunciado que suspenden sus reaperturas.\u00a0<\/p>\n\n\n\n<p>De acuerdo a la Asociaci\u00f3n de Balnearios del Estado de Hidalgo, a partir de este lunes, mediante diversas medidas de salubridad y seguridad, se recibir\u00edan a los visitantes, luego de m\u00e1s de tres meses de mantener sus puertas cerradas.&nbsp;<\/p>\n\n\n\n<p>Sin embargo, luego del anuncio del retorno al sem\u00e1foro rojo, los balnearios y parques acu\u00e1ticos, deber\u00e1n reprogramar su reapertura, debido a que nuevamente el estado de Hidalgo se ubica en un alto nivel de contagios.&nbsp;<\/p>\n\n\n\n<p>Cabe se\u00f1alar, que hasta el momento no se han delineado las medidas que se tomar\u00edan para el lunes, sin embargo los gobiernos municipales, mantendr\u00e1n las restricciones a los establecimientos considerados no esenciales.&nbsp;<\/p>\n","protected":false},"excerpt":{"rendered":"<p>La suspensi\u00f3n se debe al retorno al sem\u00e1foro rojo de la pandemia&nbsp;<\/p>\n","protected":false},"author":75,"featured_media":0,"comment_status":"closed","ping_status":"open","sticky":false,"template":"","format":"standard","meta":{"footnotes":""},"categories":[40],"tags":[],"class_list":["post-121006","post","type-post","status-publish","format-standard","hentry","category-region"],"_links":{"self":[{"href":"https:\/\/plazajuarez.mx\/historico\/wp-json\/wp\/v2\/posts\/121006","targetHints":{"allow":["GET"]}}],"collection":[{"href":"https:\/\/plazajuarez.mx\/historico\/wp-json\/wp\/v2\/posts"}],"about":[{"href":"https:\/\/plazajuarez.mx\/historico\/wp-json\/wp\/v2\/types\/post"}],"author":[{"embeddable":true,"href":"https:\/\/plazajuarez.mx\/historico\/wp-json\/wp\/v2\/users\/75"}],"replies":[{"embeddable":true,"href":"https:\/\/plazajuarez.mx\/historico\/wp-json\/wp\/v2\/comments?post=121006"}],"version-history":[{"count":0,"href":"https:\/\/plazajuarez.mx\/historico\/wp-json\/wp\/v2\/posts\/121006\/revisions"}],"wp:attachment":[{"href":"https:\/\/plazajuarez.mx\/historico\/wp-json\/wp\/v2\/media?parent=121006"}],"wp:term":[{"taxonomy":"category","embeddable":true,"href":"https:\/\/plazajuarez.mx\/historico\/wp-json\/wp\/v2\/categories?post=121006"},{"taxonomy":"post_tag","embeddable":true,"href":"https:\/\/plazajuarez.mx\/historico\/wp-json\/wp\/v2\/tags?post=121006"}],"curies":[{"name":"wp","href":"https:\/\/api.w.org\/{rel}","templated":true}]}}