{"id":120977,"date":"2020-06-28T00:14:07","date_gmt":"2020-06-28T05:14:07","guid":{"rendered":"https:\/\/plazajuarez.mx\/?p=120977"},"modified":"2020-06-28T00:14:21","modified_gmt":"2020-06-28T05:14:21","slug":"prepara-hidalgo-periodo-de-transicion","status":"publish","type":"post","link":"https:\/\/plazajuarez.mx\/historico\/prepara-hidalgo-periodo-de-transicion\/","title":{"rendered":"Prepara Hidalgo \u201cPeriodo de Transici\u00f3n\u201d"},"content":{"rendered":"\n<ul class=\"wp-block-list\"><li><strong>En este se desarrollan los trabajos de capacitaci\u00f3n para la correcta implementaci\u00f3n de las medidas sanitarias<\/strong><\/li><\/ul>\n\n\n\n<!--more-->\n\n\n\n<p>El Gobierno del Estado de Hidalgo, a trav\u00e9s de la Secretar\u00eda de Salud estatal inform\u00f3 que de acuerdo al \u201cSem\u00e1foro Semanal de Riesgo Epid\u00e9mico COVID-19\u201d, implementado por el Gobierno Federal, nuestro Estado pasar\u00e1 a sem\u00e1foro rojo la semana del 29 de junio al 5 de julio.<\/p>\n\n\n\n<p>En consecuencia, y manteniendo concordancia con las instancias federales, el Estado de Hidalgo, extiende el denominado Periodo de Transici\u00f3n, que se estableci\u00f3 la semana del 22 al 28 de junio.<\/p>\n\n\n\n<p>El periodo de transici\u00f3n ha consistido en mantener las medidas sanitarias propias del sem\u00e1foro rojo, mientras se desarrollan los trabajos de capacitaci\u00f3n para la correcta implementaci\u00f3n de las medidas sanitarias dictadas por el Gobierno Federal y Estatal.<\/p>\n\n\n\n<p>Dicha capacitaci\u00f3n y acompa\u00f1amiento continuar\u00e1 la semana que comienza, con los diferentes sectores econ\u00f3micos y sociales. Lo anterior, con la finalidad de que las medidas dictadas se apliquen de manera correcta y con ello se evite un incremento acelerado en el n\u00famero de casos, as\u00ed como el cierre de negocios por el incumplimiento de las medidas.<\/p>\n\n\n\n<p>De acuerdo con los lineamientos establecidos por las autoridades sanitarias, las medidas correspondientes al sem\u00e1foro rojo son:<\/p>\n\n\n\n<ul class=\"wp-block-list\"><li>La ocupaci\u00f3n hotelera est\u00e1 permitida pero limitada a un 25%, manteniendo cerradas las \u00e1reas comunes.<\/li><li>Los restaurantes o negocios de alimentos solo deben brindar servicio a domicilio o comida para llevar.<\/li><li>Se permite un aforo de hasta un 25% en los parques p\u00fablicos, con el objetivo de que las personas puedan realizar actividad f\u00edsica.<\/li><li>Los supermercados y mercados, \u00fanicamente podr\u00e1n dar acceso a un integrante de la familia para hacer sus compras, sin rebasar el 50% de su capacidad.<\/li><li>Los servicios de peluquer\u00eda, est\u00e9tica y barber\u00edas pueden brindar sus servicios a domicilio siempre y cuando apliquen las medidas sanitarias.<\/li><li>Los deportes profesionales pueden llevar a cabo sus partidos; sin embargo, lo tienen que hacer a puerta cerrada, es decir, sin la presencia de p\u00fablico, aplicando medidas de protecci\u00f3n para jugadores y cuerpo t\u00e9cnico.<\/li><li>Los gimnasios, spas, cines, teatros, salones de fiestas, centros comerciales, lugares de culto, eventos masivos, discotecas y bares deben permanecer cerrados.<\/li><\/ul>\n","protected":false},"excerpt":{"rendered":"<p>En este se desarrollan los trabajos de capacitaci\u00f3n para la correcta implementaci\u00f3n de las medidas sanitarias<\/p>\n","protected":false},"author":93,"featured_media":0,"comment_status":"closed","ping_status":"open","sticky":false,"template":"","format":"standard","meta":{"footnotes":""},"categories":[15,59],"tags":[],"class_list":["post-120977","post","type-post","status-publish","format-standard","hentry","category-destacadas","category-general"],"_links":{"self":[{"href":"https:\/\/plazajuarez.mx\/historico\/wp-json\/wp\/v2\/posts\/120977","targetHints":{"allow":["GET"]}}],"collection":[{"href":"https:\/\/plazajuarez.mx\/historico\/wp-json\/wp\/v2\/posts"}],"about":[{"href":"https:\/\/plazajuarez.mx\/historico\/wp-json\/wp\/v2\/types\/post"}],"author":[{"embeddable":true,"href":"https:\/\/plazajuarez.mx\/historico\/wp-json\/wp\/v2\/users\/93"}],"replies":[{"embeddable":true,"href":"https:\/\/plazajuarez.mx\/historico\/wp-json\/wp\/v2\/comments?post=120977"}],"version-history":[{"count":0,"href":"https:\/\/plazajuarez.mx\/historico\/wp-json\/wp\/v2\/posts\/120977\/revisions"}],"wp:attachment":[{"href":"https:\/\/plazajuarez.mx\/historico\/wp-json\/wp\/v2\/media?parent=120977"}],"wp:term":[{"taxonomy":"category","embeddable":true,"href":"https:\/\/plazajuarez.mx\/historico\/wp-json\/wp\/v2\/categories?post=120977"},{"taxonomy":"post_tag","embeddable":true,"href":"https:\/\/plazajuarez.mx\/historico\/wp-json\/wp\/v2\/tags?post=120977"}],"curies":[{"name":"wp","href":"https:\/\/api.w.org\/{rel}","templated":true}]}}