{"id":120976,"date":"2020-06-28T00:11:40","date_gmt":"2020-06-28T05:11:40","guid":{"rendered":"https:\/\/plazajuarez.mx\/?p=120976"},"modified":"2020-06-28T00:11:50","modified_gmt":"2020-06-28T05:11:50","slug":"discriminacion-a-gays-una-realidad-llaman-a-conciencia","status":"publish","type":"post","link":"https:\/\/plazajuarez.mx\/historico\/discriminacion-a-gays-una-realidad-llaman-a-conciencia\/","title":{"rendered":"Discriminaci\u00f3n a gays, una realidad; llaman a conciencia"},"content":{"rendered":"\n<ul class=\"wp-block-list\"><li><strong>Celebran el D\u00eda del Orgullo LGBTTTIQ\u00a0<\/strong><\/li><\/ul>\n\n\n\n<!--more-->\n\n\n\n<p>Carlos Ibarra, activista por los derechos de la comunidad LGBTTTIQ (L\u00e9sbico, Gay, Bisexual, Transexual, Transg\u00e9nero, Travesti, Intersexual y Queer) en el estado de Hidalgo, relato para Diario Plaza Ju\u00e1rez, la experiencia que ha tenido en el \u00e1mbito social, sobre todo en el de la salud, sobre c\u00f3mo es vivir cada dia con distintos tipos de discriminaci\u00f3n y c\u00f3mo esto deja ver la falta de conciencia ciudadana en Pachuca.&nbsp;<\/p>\n\n\n\n<p>El tambi\u00e9n presidente de la Red por la Inclusi\u00f3n de la Diversidad Sexogen\u00e9rica (Rids), explic\u00f3 que la conmemoraci\u00f3n del D\u00eda del Orgullo LGBTTTIQ surgi\u00f3 a partir del 28 de junio de 1969, cuando polic\u00edas de la ciudad de Nueva York agredieron a personas de la diversidad sexual en un bar clandestino conocido como Stonewall.&nbsp;<\/p>\n\n\n\n<p>El activista por los derechos de la diversidad sexual, narr\u00f3 que aun despu\u00e9s de tantos a\u00f1os de los disturbios ocurridos en Estados Unidos, la problem\u00e1tica social permanece latente en la ciudad de Pachuca, ya que habitualmente sufre de discriminaci\u00f3n al ser violentamente agredido verbalmente por su apariencia f\u00edsica o por su forma de vestir, y al ser v\u00edctima de comentarios homof\u00f3bicos que demeritan su persona y a su comunidad.&nbsp;&nbsp;<\/p>\n\n\n\n<p>En el \u00e1mbito de la salud, se\u00f1ala que ha sido discriminado en cl\u00ednicas del Instituto Mexicano del Seguro Social (IMSS) de Pachuca, ya que si bien es cierto que el personal de salud tendr\u00eda que proporcionar la misma atenci\u00f3n a todos por igual, en ocasiones no es as\u00ed, ya que en diversas ocasiones cambia el trato, la l\u00f3gica del discurso, el tono, y la actitud de los empleados.&nbsp;<\/p>\n\n\n\n<p>Carlos Ibarra coment\u00f3 que cada d\u00eda ha tenido que trabajar para romper diversos estereotipos que la sociedad pachuque\u00f1a tiene de las personas de la diversidad sexual, a trav\u00e9s de la Red por la Inclusi\u00f3n de la Diversidad Sexogen\u00e9rica, espacio en el que realizan diversas actividades, trabajando, incluso, con el Congreso local del estado de Hidalgo.&nbsp;&nbsp;<\/p>\n\n\n\n<p>Cabe destacar que el D\u00eda del Orgullo LGBTTTIQ se celebra el s\u00e1bado m\u00e1s cercano al 28 de junio, excepto en ocasiones que se conmemora alguna otra actividad de \u00edndole social, y en esta ocasi\u00f3n se festej\u00f3 ayer, de manera virtual, con una fuerte presencia en redes sociales de figuras p\u00fablicas pertenecientes a esta comunidad de personas.<\/p>\n","protected":false},"excerpt":{"rendered":"<p>Celebran el D\u00eda del Orgullo LGBTTTIQ\u00a0<\/p>\n","protected":false},"author":93,"featured_media":0,"comment_status":"closed","ping_status":"open","sticky":false,"template":"","format":"standard","meta":{"footnotes":""},"categories":[59],"tags":[],"class_list":["post-120976","post","type-post","status-publish","format-standard","hentry","category-general"],"_links":{"self":[{"href":"https:\/\/plazajuarez.mx\/historico\/wp-json\/wp\/v2\/posts\/120976","targetHints":{"allow":["GET"]}}],"collection":[{"href":"https:\/\/plazajuarez.mx\/historico\/wp-json\/wp\/v2\/posts"}],"about":[{"href":"https:\/\/plazajuarez.mx\/historico\/wp-json\/wp\/v2\/types\/post"}],"author":[{"embeddable":true,"href":"https:\/\/plazajuarez.mx\/historico\/wp-json\/wp\/v2\/users\/93"}],"replies":[{"embeddable":true,"href":"https:\/\/plazajuarez.mx\/historico\/wp-json\/wp\/v2\/comments?post=120976"}],"version-history":[{"count":0,"href":"https:\/\/plazajuarez.mx\/historico\/wp-json\/wp\/v2\/posts\/120976\/revisions"}],"wp:attachment":[{"href":"https:\/\/plazajuarez.mx\/historico\/wp-json\/wp\/v2\/media?parent=120976"}],"wp:term":[{"taxonomy":"category","embeddable":true,"href":"https:\/\/plazajuarez.mx\/historico\/wp-json\/wp\/v2\/categories?post=120976"},{"taxonomy":"post_tag","embeddable":true,"href":"https:\/\/plazajuarez.mx\/historico\/wp-json\/wp\/v2\/tags?post=120976"}],"curies":[{"name":"wp","href":"https:\/\/api.w.org\/{rel}","templated":true}]}}