{"id":120974,"date":"2020-06-28T00:15:37","date_gmt":"2020-06-28T05:15:37","guid":{"rendered":"https:\/\/plazajuarez.mx\/?p=120974"},"modified":"2020-06-28T00:15:53","modified_gmt":"2020-06-28T05:15:53","slug":"al-presidente-con-entrega-inmediata","status":"publish","type":"post","link":"https:\/\/plazajuarez.mx\/historico\/al-presidente-con-entrega-inmediata\/","title":{"rendered":"Al Presidente, con entrega inmediata"},"content":{"rendered":"\n<p><strong>OPINI\u00d3N<\/strong><\/p>\n\n\n\n<ul class=\"wp-block-list\"><li><strong>Hoy no me refiero a la pandemia que nos diezma. Aludo a otra tragedia que nos acosa\u2026\u00a0<\/strong><\/li><\/ul>\n\n\n\n<p><strong><em>Por: Sergio Garc\u00eda Ram\u00edrez &#8211; Profesor em\u00e9rito de la UNAM<\/em><\/strong><\/p>\n\n\n\n<!--more-->\n\n\n\n<p>Estoy seguro de que aqu\u00ed recojo la preocupaci\u00f3n de muchos mexicanos. Nuestro presente es tormentoso y nuestro futuro es incierto. En la incertidumbre prevalecen los malos presagios. Me dirijo a esos mexicanos, pero tambi\u00e9n \u2014y sobre todo\u2014 al Presidente de M\u00e9xico. Lo hago por el amor que puede tener \u2014y estoy seguro que tiene\u2014 a nuestra patria. Y lo hago tambi\u00e9n por su calidad de jefe del Estado, responsable central de una etapa colmada de problemas.&nbsp;<\/p>\n\n\n\n<p>Presidente: me dirijo a usted con la esperanza de que podr\u00e1 cambiar el curso que llevamos en la v\u00edspera de la tormenta. Las nubes se acumulan. El descontento prolifera en muchos frentes: el suyo y los de un grueso sector de sus conciudadanos.<\/p>\n\n\n\n<p>Hoy no me refiero a la pandemia que nos diezma. Aludo a otra tragedia que nos acosa. Aqu\u00e9lla concluir\u00e1 alg\u00fan d\u00eda. \u00c9sta comienza. Puede tener consecuencias de largo alcance, irreparables. Usted suele referirse al pasado: &#8220;antes&#8221; es una de sus palabras favoritas. Yo me refiero al presente y al futuro. Lo invito a internarse en estos tiempos de la historia.<\/p>\n\n\n\n<p>Es verdad que usted lleg\u00f3 a su cargo al amparo de treinta millones de sufragios, pero una vez instalado en \u00e9l responde ante m\u00e1s de ciento veinte millones de mexicanos, a los que se agregar\u00e1n las generaciones futuras. Aqu\u00e9llos fueron la mayor\u00eda necesaria para su investidura. \u00c9stos son el universo para su desempe\u00f1o. El voto de esa minor\u00eda le convirti\u00f3 \u2014para el presente y el futuro\u2014 en el ciudadano con m\u00e1s elevada y grave responsabilidad, no en el propietario de la naci\u00f3n. Usted responde por \u00e9sta: por toda, no por una de sus partes.<\/p>\n\n\n\n<p>Me preocupa la discordia que se est\u00e1 sembrando y la cosecha que puede producir. Usted, que tiene predilecci\u00f3n por las citas evang\u00e9licas, sabe cu\u00e1l es el destino de una casa dividida. Comienza a ocurrir entre nosotros. Quienes tuvieron relaciones fraternas se est\u00e1n enfrentando. La historia prueba que estas divisiones engendran tragedias. Todav\u00eda podemos evitarlas.&nbsp;<\/p>\n\n\n\n<p>Observe, Presidente, el tono al que ha llegado el debate, cada vez m\u00e1s encendido e incendiario. Las posiciones \u2014la suya es una, \u00bfno es as\u00ed?\u2014&nbsp; se han enconado. Ahora no tomo partido, aunque usted nos ha convocado a tomarlo. Ni califico ni descalifico opiniones. S\u00f3lo hablo como mexicano. Con este t\u00edtulo advierto la gravedad de las palabras con que cada opinante \u2014convertido en gladiador\u2014 expone sus recelos, sus exigencias, sus filias y sus fobias, sus preferencias y sus reproches. Nos estamos convirtiendo en una naci\u00f3n de combatientes. Nos combatimos mutuamente y cerramos el espacio para el entendimiento. Estamos frente a frente, en posici\u00f3n de combate.<\/p>\n\n\n\n<p>\u00bfQu\u00e9 puede hacer usted, Presidente \u2014o mejor dicho: qu\u00e9 debe hacer usted, ciudadano de M\u00e9xico, responsable del destino de millones de compatriotas\u2014,&nbsp; para que amaine esta batalla? \u00bfQu\u00e9 puede hacer usted para promover la conciliaci\u00f3n de los mexicanos en torno a valores, programas y objetivos que nos unifiquen? \u00bfQu\u00e9 puede hacer usted para poner t\u00e9rmino al discurso de animadversi\u00f3n \u2014que comienza a ser discurso de odio\u2014 que crece en todos los frentes, el suyo y el de aquellos a los que llama sus \u201cadversarios\u201d? \u00bfQu\u00e9 puede hacer usted para promover un avenimiento entre los conciudadanos que se combaten, antes de que sea demasiado tarde?<\/p>\n\n\n\n<p>Si puede hacer algo y estoy seguro de que puede&nbsp; \u2014y en todo caso, de que debe\u2014&nbsp; le pido que lo haga pronto. El tiempo avanza de prisa. Se agota. Y la tormenta se acerca. Tal vez estoy equivocado, pero no soy el \u00fanico que observa nubes negras en el cielo de M\u00e9xico. \u00bfUsted no las mira? \u00bfY no las teme, por M\u00e9xico?<\/p>\n\n\n\n<p>Por favor, Presidente: un gesto de concordia. Urge.&nbsp;&nbsp;<\/p>\n","protected":false},"excerpt":{"rendered":"<p>OPINI\u00d3N Hoy no me refiero a la pandemia que nos diezma. Aludo a otra tragedia que nos acosa\u2026\u00a0 Por: Sergio Garc\u00eda Ram\u00edrez &#8211; Profesor em\u00e9rito de la UNAM<\/p>\n","protected":false},"author":81,"featured_media":0,"comment_status":"closed","ping_status":"open","sticky":false,"template":"","format":"standard","meta":{"footnotes":""},"categories":[42],"tags":[],"class_list":["post-120974","post","type-post","status-publish","format-standard","hentry","category-nuestrapalabra"],"_links":{"self":[{"href":"https:\/\/plazajuarez.mx\/historico\/wp-json\/wp\/v2\/posts\/120974","targetHints":{"allow":["GET"]}}],"collection":[{"href":"https:\/\/plazajuarez.mx\/historico\/wp-json\/wp\/v2\/posts"}],"about":[{"href":"https:\/\/plazajuarez.mx\/historico\/wp-json\/wp\/v2\/types\/post"}],"author":[{"embeddable":true,"href":"https:\/\/plazajuarez.mx\/historico\/wp-json\/wp\/v2\/users\/81"}],"replies":[{"embeddable":true,"href":"https:\/\/plazajuarez.mx\/historico\/wp-json\/wp\/v2\/comments?post=120974"}],"version-history":[{"count":0,"href":"https:\/\/plazajuarez.mx\/historico\/wp-json\/wp\/v2\/posts\/120974\/revisions"}],"wp:attachment":[{"href":"https:\/\/plazajuarez.mx\/historico\/wp-json\/wp\/v2\/media?parent=120974"}],"wp:term":[{"taxonomy":"category","embeddable":true,"href":"https:\/\/plazajuarez.mx\/historico\/wp-json\/wp\/v2\/categories?post=120974"},{"taxonomy":"post_tag","embeddable":true,"href":"https:\/\/plazajuarez.mx\/historico\/wp-json\/wp\/v2\/tags?post=120974"}],"curies":[{"name":"wp","href":"https:\/\/api.w.org\/{rel}","templated":true}]}}