{"id":120875,"date":"2020-06-27T06:38:51","date_gmt":"2020-06-27T11:38:51","guid":{"rendered":"https:\/\/plazajuarez.mx\/?p=120875"},"modified":"2020-06-27T06:39:04","modified_gmt":"2020-06-27T11:39:04","slug":"propone-mayka-ortega-analisis-de-las-afores","status":"publish","type":"post","link":"https:\/\/plazajuarez.mx\/historico\/propone-mayka-ortega-analisis-de-las-afores\/","title":{"rendered":"Propone Mayka Ortega an\u00e1lisis de las Afores"},"content":{"rendered":"\n<ul class=\"wp-block-list\"><li><strong>La diputada local se\u00f1al\u00f3 que el Ejecutivo federal debe asesorarse bien en el tema<\/strong><\/li><\/ul>\n\n\n\n<!--more-->\n\n\n\n<p>La diputada local de la fracci\u00f3n del Partido Revolucionario Institucional (PRI), Mayka Ortega Eguiluz se pronunci\u00f3 a favor de que se realice un an\u00e1lisis a mayor profundidad sobre el tema de las Administradoras de Fondos para el Retiro (Afores), a fin de que la decisi\u00f3n que se tome en el plano federal no sea en detrimento de los trabajadores, ya que asegur\u00f3 que la propuesta de que todas sean administradas por el Banco del Bienestar podr\u00eda ser un grave error por parte de las autoridades federales.&nbsp;<\/p>\n\n\n\n<p>Lo anterior en el marco de la discusi\u00f3n que se ha generado en el pa\u00eds, derivado de la propuesta que hizo un diputado del partido del Movimiento de Regeneraci\u00f3n nacional (Morena) en el Congreso de la Uni\u00f3n, en la que se propone que el \u00fanico administrador de los fondos para el retiro sea el Banco del Bienestar.<\/p>\n\n\n\n<p>Al respecto la diputada de la bancada del Partido Revolucionario Institucional (PRI), dijo \u201cel sistema de afores no es perfecto, requiere una reforma para fortalecerlo y no destruirlo, una reforma que permita que ahorremos voluntariamente m\u00e1s y que tengamos mejores rendimientos, que hagamos el sistema menos costoso operativamente y que se incorpore a m\u00e1s mexicanos\u201d.&nbsp;<\/p>\n\n\n\n<p>Y agreg\u00f3 \u201cquitarle dinero a las afores para el Banco del Bienestar es el camino m\u00e1s f\u00e1cil y corto para que los que se jubilen despu\u00e9s no tengan dinero para hacerlo&nbsp; bien, considero muy importante que el gobierno trabaje para no regresar&nbsp; a mediados de los 90s porqu\u00e9 no habr\u00eda dinero para pensiones porque el gobierno no tiene dinero para financiar las pensiones pero s\u00ed&nbsp; necesita dinero de las pensiones para financiarse a s\u00ed mismo y a sus proyectos\u201d.<\/p>\n\n\n\n<p>De igual forma, propuso como \u201cuna reforma sensata\u201d que se aumenten aportaciones de los trabajadores, las de los patrones y las del gobierno, ya que asegur\u00f3 que actualmente el mexicano est\u00e1 ahorrando s\u00f3lo la mitad de lo que deber\u00eda ahorrar adem\u00e1s enfatiz\u00f3 \u201cpara administrar una afore se requiere de gran inversi\u00f3n de infraestructura en tecnolog\u00edas de informaci\u00f3n y sistemas contables y financieros, as\u00ed como en expertos en inversiones con salarios de mercado. El Banco del Bienestar tiene y tendr\u00e1 restricciones presupuestales\u201d, dijo.<\/p>\n","protected":false},"excerpt":{"rendered":"<p>La diputada local se\u00f1al\u00f3 que el Ejecutivo federal debe asesorarse bien en el tema<\/p>\n","protected":false},"author":72,"featured_media":0,"comment_status":"closed","ping_status":"open","sticky":false,"template":"","format":"standard","meta":{"footnotes":""},"categories":[59],"tags":[],"class_list":["post-120875","post","type-post","status-publish","format-standard","hentry","category-general"],"_links":{"self":[{"href":"https:\/\/plazajuarez.mx\/historico\/wp-json\/wp\/v2\/posts\/120875","targetHints":{"allow":["GET"]}}],"collection":[{"href":"https:\/\/plazajuarez.mx\/historico\/wp-json\/wp\/v2\/posts"}],"about":[{"href":"https:\/\/plazajuarez.mx\/historico\/wp-json\/wp\/v2\/types\/post"}],"author":[{"embeddable":true,"href":"https:\/\/plazajuarez.mx\/historico\/wp-json\/wp\/v2\/users\/72"}],"replies":[{"embeddable":true,"href":"https:\/\/plazajuarez.mx\/historico\/wp-json\/wp\/v2\/comments?post=120875"}],"version-history":[{"count":0,"href":"https:\/\/plazajuarez.mx\/historico\/wp-json\/wp\/v2\/posts\/120875\/revisions"}],"wp:attachment":[{"href":"https:\/\/plazajuarez.mx\/historico\/wp-json\/wp\/v2\/media?parent=120875"}],"wp:term":[{"taxonomy":"category","embeddable":true,"href":"https:\/\/plazajuarez.mx\/historico\/wp-json\/wp\/v2\/categories?post=120875"},{"taxonomy":"post_tag","embeddable":true,"href":"https:\/\/plazajuarez.mx\/historico\/wp-json\/wp\/v2\/tags?post=120875"}],"curies":[{"name":"wp","href":"https:\/\/api.w.org\/{rel}","templated":true}]}}