{"id":120675,"date":"2020-06-26T06:52:35","date_gmt":"2020-06-26T11:52:35","guid":{"rendered":"https:\/\/plazajuarez.mx\/?p=120675"},"modified":"2020-06-26T06:52:50","modified_gmt":"2020-06-26T11:52:50","slug":"rehabilitan-alumbrado-publico-en-paseos-de-chavarria","status":"publish","type":"post","link":"https:\/\/plazajuarez.mx\/historico\/rehabilitan-alumbrado-publico-en-paseos-de-chavarria\/","title":{"rendered":"Rehabilitan alumbrado p\u00fablico en Paseos de Chavarr\u00eda"},"content":{"rendered":"\n<ul class=\"wp-block-list\"><li><strong>El alcalde, Ra\u00fal Camacho Ba\u00f1os, reitera su compromiso con la ciudadan\u00eda de atender cada una de sus peticiones<\/strong><\/li><\/ul>\n\n\n\n<ul class=\"wp-block-list\"><li><strong>Adem\u00e1s, el presidente municipal pidi\u00f3 a ciudadanos respetar las acciones preventivas contra la Covid-19.\u00a0<\/strong><\/li><\/ul>\n\n\n\n<!--more-->\n\n\n\n<p><strong>Mineral de la Reforma<\/strong>.- El gobierno municipal de Mineral de la Reforma, a trav\u00e9s de la Direcci\u00f3n de Servicios municipales, contin\u00faa en la atenci\u00f3n de los reportes ciudadanos de alumbrado p\u00fablico, as\u00ed como proporcionar a cada colonia y fraccionamientos el servicio \u00f3ptimo de luminarias.\u00a0<\/p>\n\n\n\n<p>Este tipo de acciones se llevaron a cabo en el Fraccionamiento Paseos de Chavarr\u00eda. Cuadrillas de alumbrado p\u00fablico de la Direcci\u00f3n de Servicios Municipales, por encomienda del alcalde, Ra\u00fal Camacho Ba\u00f1os, rehabilitaron, sustituyeron y\/o instalaron luminarias y repararon cableado, en calles y avenidas principales de dicho fraccionamiento, restableciendo el alumbrado p\u00fablico en beneficio de los habitantes de esta zona.&nbsp;<\/p>\n\n\n\n<p>Sobra decir que este tipo de trabajos redundan en la prevenci\u00f3n del delito, adem\u00e1s conservar la buena imagen urbana.<\/p>\n\n\n\n<p>Se brind\u00f3 especial atenci\u00f3n en el Bulevar Paseos de Chavarr\u00eda, Avenida de la Plata, Avenida de los \u00c1rboles, Privada Flor de Tulip\u00e1n, Privada Paseo de la Calandria, Privada de las Aves, Privada Paseo de Melba, en las calles Monte Trigo, Rio Balsas, Rio Ameca R\u00edo Atoyac, Flor de Azucena, Paseos del B\u00faho, Paseos de la Golondrina, Paseos del Halc\u00f3n, Privada de Agapanto y Camino Providencia- La Calera, con la reposici\u00f3n de 2,890 metros de cableado y el cambio de m\u00e1s de 30 luminarias.&nbsp;<\/p>\n\n\n\n<p>El alcalde, Ra\u00fal Camacho Ba\u00f1os, reitera su compromiso con la ciudadan\u00eda de atender cada una de sus peticiones adem\u00e1s de recordarles respetar las acciones preventivas contra la Covid-19.<\/p>\n","protected":false},"excerpt":{"rendered":"<p>El alcalde, Ra\u00fal Camacho Ba\u00f1os, reitera su compromiso con la ciudadan\u00eda de atender cada una de sus peticiones Adem\u00e1s, el presidente municipal pidi\u00f3 a ciudadanos respetar las acciones preventivas contra la Covid-19.\u00a0<\/p>\n","protected":false},"author":93,"featured_media":0,"comment_status":"closed","ping_status":"open","sticky":false,"template":"","format":"standard","meta":{"footnotes":""},"categories":[40],"tags":[],"class_list":["post-120675","post","type-post","status-publish","format-standard","hentry","category-region"],"_links":{"self":[{"href":"https:\/\/plazajuarez.mx\/historico\/wp-json\/wp\/v2\/posts\/120675","targetHints":{"allow":["GET"]}}],"collection":[{"href":"https:\/\/plazajuarez.mx\/historico\/wp-json\/wp\/v2\/posts"}],"about":[{"href":"https:\/\/plazajuarez.mx\/historico\/wp-json\/wp\/v2\/types\/post"}],"author":[{"embeddable":true,"href":"https:\/\/plazajuarez.mx\/historico\/wp-json\/wp\/v2\/users\/93"}],"replies":[{"embeddable":true,"href":"https:\/\/plazajuarez.mx\/historico\/wp-json\/wp\/v2\/comments?post=120675"}],"version-history":[{"count":0,"href":"https:\/\/plazajuarez.mx\/historico\/wp-json\/wp\/v2\/posts\/120675\/revisions"}],"wp:attachment":[{"href":"https:\/\/plazajuarez.mx\/historico\/wp-json\/wp\/v2\/media?parent=120675"}],"wp:term":[{"taxonomy":"category","embeddable":true,"href":"https:\/\/plazajuarez.mx\/historico\/wp-json\/wp\/v2\/categories?post=120675"},{"taxonomy":"post_tag","embeddable":true,"href":"https:\/\/plazajuarez.mx\/historico\/wp-json\/wp\/v2\/tags?post=120675"}],"curies":[{"name":"wp","href":"https:\/\/api.w.org\/{rel}","templated":true}]}}