{"id":120664,"date":"2020-06-26T06:47:40","date_gmt":"2020-06-26T11:47:40","guid":{"rendered":"https:\/\/plazajuarez.mx\/?p=120664"},"modified":"2020-06-26T06:47:50","modified_gmt":"2020-06-26T11:47:50","slug":"descartan-division-de-morena-por-tema-de-investigaciones-fiscales","status":"publish","type":"post","link":"https:\/\/plazajuarez.mx\/historico\/descartan-division-de-morena-por-tema-de-investigaciones-fiscales\/","title":{"rendered":"Descartan divisi\u00f3n de Morena por tema de investigaciones fiscales"},"content":{"rendered":"\n<ul class=\"wp-block-list\"><li><strong>Comenta Luis Enrique Cadena que se siguen sumando m\u00e1s personas a su plataforma electoral para las pr\u00f3ximas elecciones<\/strong><\/li><\/ul>\n\n\n\n<!--more-->\n\n\n\n<p>\u201cEstamos trabajando en la unidad del partido, a diferencia de algunos columnistas y de comentarios que dicen que Morena est\u00e1 en mal momento, yo puedo asegurar que estamos en el mejor momento, se han sumado muchos sectores ciudadanos para poder colaborar\u201d, coment\u00f3 el secretario de organizaci\u00f3n del Movimiento Regeneraci\u00f3n Nacional (Morena) en Hidalgo, Luis Enrique Cadena Garc\u00eda.&nbsp;<\/p>\n\n\n\n<p>Ante los diferentes acontecimientos que han rodeado al partido en los \u00faltimos meses, el morenista refiri\u00f3 que actualmente se est\u00e1 a la expectativa del nombramiento de las personas que representar\u00e1n las candidaturas a las presidencias municipales, y que mientras esto sucede, se est\u00e1 reafirmando la unidad partidista previo a que se reinicie el proceso electoral en el estado.&nbsp;<\/p>\n\n\n\n<p>Sobre las investigaciones que se est\u00e1n realizando a legisladores locales, declar\u00f3 que \u201cno son temas que nosotros vayamos a manejar al interior del partido, es un tema federal, pero en este momento tenemos excelente comunicaci\u00f3n con los 17 diputados locales, con los ocho federales y con los senadores, creo que esto nos va a servir para analizar profundamente cuales son nuestras posibilidades en los municipios\u201d.<\/p>\n","protected":false},"excerpt":{"rendered":"<p>Comenta Luis Enrique Cadena que se siguen sumando m\u00e1s personas a su plataforma electoral para las pr\u00f3ximas elecciones<\/p>\n","protected":false},"author":93,"featured_media":0,"comment_status":"closed","ping_status":"open","sticky":false,"template":"","format":"standard","meta":{"footnotes":""},"categories":[59],"tags":[],"class_list":["post-120664","post","type-post","status-publish","format-standard","hentry","category-general"],"_links":{"self":[{"href":"https:\/\/plazajuarez.mx\/historico\/wp-json\/wp\/v2\/posts\/120664","targetHints":{"allow":["GET"]}}],"collection":[{"href":"https:\/\/plazajuarez.mx\/historico\/wp-json\/wp\/v2\/posts"}],"about":[{"href":"https:\/\/plazajuarez.mx\/historico\/wp-json\/wp\/v2\/types\/post"}],"author":[{"embeddable":true,"href":"https:\/\/plazajuarez.mx\/historico\/wp-json\/wp\/v2\/users\/93"}],"replies":[{"embeddable":true,"href":"https:\/\/plazajuarez.mx\/historico\/wp-json\/wp\/v2\/comments?post=120664"}],"version-history":[{"count":0,"href":"https:\/\/plazajuarez.mx\/historico\/wp-json\/wp\/v2\/posts\/120664\/revisions"}],"wp:attachment":[{"href":"https:\/\/plazajuarez.mx\/historico\/wp-json\/wp\/v2\/media?parent=120664"}],"wp:term":[{"taxonomy":"category","embeddable":true,"href":"https:\/\/plazajuarez.mx\/historico\/wp-json\/wp\/v2\/categories?post=120664"},{"taxonomy":"post_tag","embeddable":true,"href":"https:\/\/plazajuarez.mx\/historico\/wp-json\/wp\/v2\/tags?post=120664"}],"curies":[{"name":"wp","href":"https:\/\/api.w.org\/{rel}","templated":true}]}}