{"id":120646,"date":"2020-06-26T06:37:38","date_gmt":"2020-06-26T11:37:38","guid":{"rendered":"https:\/\/plazajuarez.mx\/?p=120646"},"modified":"2020-06-26T06:37:54","modified_gmt":"2020-06-26T11:37:54","slug":"toman-programa-de-contingencias-existente","status":"publish","type":"post","link":"https:\/\/plazajuarez.mx\/historico\/toman-programa-de-contingencias-existente\/","title":{"rendered":"Toman programa de contingencias existente"},"content":{"rendered":"\n<ul class=\"wp-block-list\"><li><strong>El programa s\u00f3lo puede ponerlo en marcha el Comit\u00e9 de Contingencias Ambientales que encabeza la Semarnath<\/strong><\/li><\/ul>\n\n\n\n<!--more-->\n\n\n\n<p>Luego de que el gobierno municipal de Pachuca, que encabeza Yolanda Teller\u00eda Beltr\u00e1n, publicara el pasado 22 de junio en el Peri\u00f3dico Oficial del Estado de Hidalgo (POEH),&nbsp; el \u201cDecreto Municipal N\u00famero Treinta y Uno, que contiene el&nbsp; Reglamento Para la Gesti\u00f3n Ambiental del Municipio de Pachuca de Soto\u201d, se puede observar que en esencia, dicho documento no es nuevo, adem\u00e1s de que contraviene disposiciones y acuerdos firmados anteriormente con el gobierno estatal.<\/p>\n\n\n\n<p>En el documento presentado por la presidencia municipal de Pachuca, espec\u00edficamente en el art\u00edculo 104 establece: \u201cal presentarse una situaci\u00f3n de contingencia ambiental en el territorio del Municipio, la Secretar\u00eda en coordinaci\u00f3n con la Secretar\u00eda de Seguridad P\u00fablica, Tr\u00e1nsito y Vialidad Municipal, tendr\u00e1 la facultad de imponer de inmediato, las medidas o acciones que en su caso, determinen los programas o protocolos a que se refiere el art\u00edculo anterior\u2026\u201d.<\/p>\n\n\n\n<p>Sin embargo, la atribuci\u00f3n de dictar medidas de mitigaci\u00f3n a la contaminaci\u00f3n es \u00fanicamente del \u201cComit\u00e9 de Contingencias Ambientales seg\u00fan la reforma hecha al Programa de Contingencias Ambientales Atmosf\u00e9ricas para los municipios de Pachuca de Soto y Mineral de la Reforma, Hidalgo\u201d, del 25 de julio de 2016, y que fue publicada en el Peri\u00f3dico Oficial del Estado de Hidalgo el 2 de diciembre de 2019 con la firma de todos los presidentes municipales involucrados.&nbsp;<\/p>\n\n\n\n<p>En dicha publicaci\u00f3n de diciembre de 2019, qued\u00f3 asentado que el comit\u00e9 estar\u00eda integrado de la siguiente manera: \u201cser\u00e1 presidido por la persona titular de la Semarnath, e integrado por los titulares de algunas secretar\u00edas de estado, as\u00ed como la subsecretar\u00eda de Protecci\u00f3n Civil y Gesti\u00f3n de Riesgos del Estado de Hidalgo, la direcci\u00f3n General de Comunicaci\u00f3n Gubernamental, y la Procuradur\u00eda Estatal de Protecci\u00f3n al Ambiente. Adem\u00e1s de las presidencias municipales de: Pachuca de Soto, Mineral de la Reforma, San Agust\u00edn Tlaxiaca, Zempoala; y finalmente, la coordinaci\u00f3n ejecutiva de la CAMe (Comisi\u00f3n Ambiental de la Megal\u00f3polis).<\/p>\n","protected":false},"excerpt":{"rendered":"<p>El programa s\u00f3lo puede ponerlo en marcha el Comit\u00e9 de Contingencias Ambientales que encabeza la Semarnath<\/p>\n","protected":false},"author":72,"featured_media":0,"comment_status":"closed","ping_status":"open","sticky":false,"template":"","format":"standard","meta":{"footnotes":""},"categories":[59],"tags":[],"class_list":["post-120646","post","type-post","status-publish","format-standard","hentry","category-general"],"_links":{"self":[{"href":"https:\/\/plazajuarez.mx\/historico\/wp-json\/wp\/v2\/posts\/120646","targetHints":{"allow":["GET"]}}],"collection":[{"href":"https:\/\/plazajuarez.mx\/historico\/wp-json\/wp\/v2\/posts"}],"about":[{"href":"https:\/\/plazajuarez.mx\/historico\/wp-json\/wp\/v2\/types\/post"}],"author":[{"embeddable":true,"href":"https:\/\/plazajuarez.mx\/historico\/wp-json\/wp\/v2\/users\/72"}],"replies":[{"embeddable":true,"href":"https:\/\/plazajuarez.mx\/historico\/wp-json\/wp\/v2\/comments?post=120646"}],"version-history":[{"count":0,"href":"https:\/\/plazajuarez.mx\/historico\/wp-json\/wp\/v2\/posts\/120646\/revisions"}],"wp:attachment":[{"href":"https:\/\/plazajuarez.mx\/historico\/wp-json\/wp\/v2\/media?parent=120646"}],"wp:term":[{"taxonomy":"category","embeddable":true,"href":"https:\/\/plazajuarez.mx\/historico\/wp-json\/wp\/v2\/categories?post=120646"},{"taxonomy":"post_tag","embeddable":true,"href":"https:\/\/plazajuarez.mx\/historico\/wp-json\/wp\/v2\/tags?post=120646"}],"curies":[{"name":"wp","href":"https:\/\/api.w.org\/{rel}","templated":true}]}}