{"id":120643,"date":"2020-06-26T06:30:13","date_gmt":"2020-06-26T11:30:13","guid":{"rendered":"https:\/\/plazajuarez.mx\/?p=120643"},"modified":"2020-06-26T06:30:30","modified_gmt":"2020-06-26T11:30:30","slug":"pandemia-nos-afecto-a-todos-por-igual-valera","status":"publish","type":"post","link":"https:\/\/plazajuarez.mx\/historico\/pandemia-nos-afecto-a-todos-por-igual-valera\/","title":{"rendered":"Pandemia nos afect\u00f3 a todos por igual: Valera"},"content":{"rendered":"\n<p>El secretario general del Partido Revolucionario Institucional (PRI), Julio Valera Piedras puntualiz\u00f3 que la pandemia por COVID-19 es una condici\u00f3n at\u00edpica que afect\u00f3 a todos por igual, tanto a los diferentes sectores como a los partidos pol\u00edticos.<\/p>\n\n\n\n<p>En entrevista para el programa de radio Al Aire, del sistema de Radio y Televisi\u00f3n de Hidalgo, asegur\u00f3 que las estrategias emprendidas por el gobernador del estado, Omar Fayad Meneses, para hacer frente a la contingencia fueron un ejemplo nacional.<\/p>\n\n\n\n<p>Dijo \u201cLa pandemia afect\u00f3 a todos por igual, la ciudadan\u00eda puede comparar a una entidad con otra de cu\u00e1les fueron las iniciativas y los mecanismos de intervenci\u00f3n que han elegido los gobiernos, para atender una condici\u00f3n tan at\u00edpica\u201d.<\/p>\n\n\n\n<p>Manifest\u00f3 \u201cestoy muy orgulloso del mandatario estatal que ha dado un ejemplo a nivel nacional,&nbsp; creo que si va a pesar, la gente est\u00e1 viendo las condiciones de crisis, d\u00f3nde se requiere m\u00e1s apoyo, y dentro del marco de lo deseable y lo posible, qu\u00e9 est\u00e1 haciendo cada uno de los gobiernos\u201d.<\/p>\n","protected":false},"excerpt":{"rendered":"<p>El secretario general del Partido Revolucionario Institucional (PRI), Julio Valera Piedras puntualiz\u00f3 que la pandemia por COVID-19 es una condici\u00f3n at\u00edpica que afect\u00f3 a todos por igual, tanto a los diferentes sectores como a los partidos pol\u00edticos. En entrevista para el programa de radio Al Aire, del sistema de Radio y Televisi\u00f3n de Hidalgo, asegur\u00f3 [&hellip;]<\/p>\n","protected":false},"author":73,"featured_media":0,"comment_status":"closed","ping_status":"open","sticky":false,"template":"","format":"standard","meta":{"footnotes":""},"categories":[59],"tags":[],"class_list":["post-120643","post","type-post","status-publish","format-standard","hentry","category-general"],"_links":{"self":[{"href":"https:\/\/plazajuarez.mx\/historico\/wp-json\/wp\/v2\/posts\/120643","targetHints":{"allow":["GET"]}}],"collection":[{"href":"https:\/\/plazajuarez.mx\/historico\/wp-json\/wp\/v2\/posts"}],"about":[{"href":"https:\/\/plazajuarez.mx\/historico\/wp-json\/wp\/v2\/types\/post"}],"author":[{"embeddable":true,"href":"https:\/\/plazajuarez.mx\/historico\/wp-json\/wp\/v2\/users\/73"}],"replies":[{"embeddable":true,"href":"https:\/\/plazajuarez.mx\/historico\/wp-json\/wp\/v2\/comments?post=120643"}],"version-history":[{"count":0,"href":"https:\/\/plazajuarez.mx\/historico\/wp-json\/wp\/v2\/posts\/120643\/revisions"}],"wp:attachment":[{"href":"https:\/\/plazajuarez.mx\/historico\/wp-json\/wp\/v2\/media?parent=120643"}],"wp:term":[{"taxonomy":"category","embeddable":true,"href":"https:\/\/plazajuarez.mx\/historico\/wp-json\/wp\/v2\/categories?post=120643"},{"taxonomy":"post_tag","embeddable":true,"href":"https:\/\/plazajuarez.mx\/historico\/wp-json\/wp\/v2\/tags?post=120643"}],"curies":[{"name":"wp","href":"https:\/\/api.w.org\/{rel}","templated":true}]}}