{"id":120642,"date":"2020-06-26T06:33:14","date_gmt":"2020-06-26T11:33:14","guid":{"rendered":"https:\/\/plazajuarez.mx\/?p=120642"},"modified":"2020-06-26T06:33:27","modified_gmt":"2020-06-26T11:33:27","slug":"preparan-reapertura-de-pueblos-magicos","status":"publish","type":"post","link":"https:\/\/plazajuarez.mx\/historico\/preparan-reapertura-de-pueblos-magicos\/","title":{"rendered":"Preparan reapertura de Pueblos M\u00e1gicos"},"content":{"rendered":"\n<ul class=\"wp-block-list\"><li><strong>Anuncian la reanudaci\u00f3n de esta actividad a partir del 29 de junio<\/strong><\/li><\/ul>\n\n\n\n<!--more-->\n\n\n\n<p>Despu\u00e9s de las autoridades sanitarias estatales anunciaron que Hidalgo se encuentra en fase naranja de la pandemia por el SARS-CoV-2 Covid-19, diversas actividades, como la tur\u00edstica se prepara para la reintegraci\u00f3n a la \u201cnueva normalidad\u201d, durante la semana de transici\u00f3n que inici\u00f3 el pasado 22 de junio y culminar\u00e1 el 28.<\/p>\n\n\n\n<p>En ese sentido, los Pueblos M\u00e1gicos del estado preparan para la reapertura de sus puertas el pr\u00f3ximo 29 de junio. Cabe destacar que el sem\u00e1foro naranja sigue representando \u201criesgo alto\u201d, seg\u00fan los lineamientos generales sanitarios para un retorno exitoso.&nbsp;<\/p>\n\n\n\n<p>En el caso del municipio de Mineral del Monte, este anunci\u00f3 la sanitizaci\u00f3n de espacios p\u00fablicos, previamente a la reapertura del ayuntamiento al turismo. Que hasta ahora contempla s\u00f3lo el 30 por ciento de la capacidad de cada espacio.<\/p>\n\n\n\n<p>De acuerdo con la informaci\u00f3n del gobierno estatal, los seis pueblos m\u00e1gicos, los cuales son Mineral del Monte, Mineral del Chico, Huasca de Ocampo, Tecozautla, Huichapan y Zimap\u00e1n, podr\u00e1n reabrir diferentes servicios tur\u00edsticos en tanto que el sem\u00e1foro permanezca en color naranja.<\/p>\n\n\n\n<p>Asimismo, mediante la Secretar\u00eda de Turismo estatal, su titular, Eduardo Javier Ba\u00f1os G\u00f3mez y los alcaldes de estos lugares, as\u00ed como los prestadores de servicios, han recibido capacitaci\u00f3n en materia sanitaria, para implementar las medidas adecuadas para la pr\u00f3xima reapertura de estos sitios.<\/p>\n","protected":false},"excerpt":{"rendered":"<p>Anuncian la reanudaci\u00f3n de esta actividad a partir del 29 de junio<\/p>\n","protected":false},"author":93,"featured_media":0,"comment_status":"closed","ping_status":"open","sticky":false,"template":"","format":"standard","meta":{"footnotes":""},"categories":[59],"tags":[],"class_list":["post-120642","post","type-post","status-publish","format-standard","hentry","category-general"],"_links":{"self":[{"href":"https:\/\/plazajuarez.mx\/historico\/wp-json\/wp\/v2\/posts\/120642","targetHints":{"allow":["GET"]}}],"collection":[{"href":"https:\/\/plazajuarez.mx\/historico\/wp-json\/wp\/v2\/posts"}],"about":[{"href":"https:\/\/plazajuarez.mx\/historico\/wp-json\/wp\/v2\/types\/post"}],"author":[{"embeddable":true,"href":"https:\/\/plazajuarez.mx\/historico\/wp-json\/wp\/v2\/users\/93"}],"replies":[{"embeddable":true,"href":"https:\/\/plazajuarez.mx\/historico\/wp-json\/wp\/v2\/comments?post=120642"}],"version-history":[{"count":0,"href":"https:\/\/plazajuarez.mx\/historico\/wp-json\/wp\/v2\/posts\/120642\/revisions"}],"wp:attachment":[{"href":"https:\/\/plazajuarez.mx\/historico\/wp-json\/wp\/v2\/media?parent=120642"}],"wp:term":[{"taxonomy":"category","embeddable":true,"href":"https:\/\/plazajuarez.mx\/historico\/wp-json\/wp\/v2\/categories?post=120642"},{"taxonomy":"post_tag","embeddable":true,"href":"https:\/\/plazajuarez.mx\/historico\/wp-json\/wp\/v2\/tags?post=120642"}],"curies":[{"name":"wp","href":"https:\/\/api.w.org\/{rel}","templated":true}]}}