{"id":120632,"date":"2020-06-26T06:25:30","date_gmt":"2020-06-26T11:25:30","guid":{"rendered":"https:\/\/plazajuarez.mx\/?p=120632"},"modified":"2020-06-26T06:25:30","modified_gmt":"2020-06-26T11:25:30","slug":"dese-por-enterado-729","status":"publish","type":"post","link":"https:\/\/plazajuarez.mx\/historico\/dese-por-enterado-729\/","title":{"rendered":"DESE POR ENTERADO"},"content":{"rendered":"\n<p><strong>PRUEBAS GRATUITAS R\u00c1PIDAS DE COVID-19.-<\/strong> Los habitantes de zonas vulnerables y con m\u00e1s alta incidencia de casos de coronavirus en la entidad, podr\u00e1n realizarse la prueba r\u00e1pida para saber si padecen la enfermedad. Esto a iniciativa del gobernador Fayad, y bajo el principio b\u00e1sico de que si una persona confirma que tiene el virus, es posible se tomen medidas inmediatas para evitar que contagie a sus m\u00e1s cercanos, adem\u00e1s de arrancar de inmediato con el tratamiento y confinamiento. Se podr\u00e1 decir misa, pero nunca como en este caso, tener informaci\u00f3n certera es vital.<\/p>\n\n\n\n<hr class=\"wp-block-separator\"\/>\n\n\n\n<p><strong>NADA DEL DESCONGELAMIENTO DEFINITIVO DE CUENTAS DEL PATRONATO.-<\/strong> A ver, a ver, primero le explico: las empresas \u201cLa Voz del Aire\u201d SA de CV, y \u201cUni Comercializadora SA de CV\u201d, pelean en los juzgados la suspensi\u00f3n definitiva por el congelamiento de sus cuentas luego de que as\u00ed lo pidi\u00f3 la Unidad de Inteligencia Financiera (UIF) de la Secretar\u00eda de Hacienda por sospechas en el manejo de recursos financieros. Por lo mientras esa decisi\u00f3n fue aplazada de este mes de junio al otro por estos mismos d\u00edas. Ambas empresas son mencionadas como propiedad de la Universidad Aut\u00f3noma del Estado de Hidalgo, pero sucede que no, que con todo y que son \u201cSA de CV\u201d, es decir de supuesto capital privado, pertenecen s\u00ed pero al Patronato Universitario, igual que otras 20 o 21 que tambi\u00e9n se presentan como \u201cSA de CV\u201d, en este juego raro de privado-p\u00fablico-privado. De tal modo que no son parte de la UAEH, aunque la UAEH en t\u00e9rminos legales s\u00ed es propiedad del Patronato. Lo que hay que intentar entender, \u00bfverdad?<\/p>\n\n\n\n<hr class=\"wp-block-separator\"\/>\n\n\n\n<p><strong>ARTURO HERRERA GUTI\u00c9RREZ, POSITIVO A COVID-19.-<\/strong> El Secretario de Hacienda y Cr\u00e9dito P\u00fablico, el hidalguense Arturo Herrera Guti\u00e9rrez, report\u00f3 a trav\u00e9s de su cuenta de Twitter que dio positivo a la prueba del Covid-19. Sin duda uno de los funcionarios con m\u00e1s peso espec\u00edfico en el gobierno del Presidente L\u00f3pez Obrador, y que sobre todo es escuchado por el Jefe de la Naci\u00f3n, pero que adem\u00e1s tiene el respeto de la mayor parte de los analistas financieros del pa\u00eds. As\u00ed que nuestros mejores deseos para el primer titular de la Secretar\u00eda de Hacienda nacido en el Estado de Hidalgo.<\/p>\n\n\n\n<hr class=\"wp-block-separator\"\/>\n\n\n\n<p><strong>CUENTAS CLARAS PEDIR\u00c1 RICARDO BAPTISTA, \u00bfAL PATRONATO UNIVERSITARIO?.-<\/strong> Pues resulta que El Pr\u00edncipe de los T\u00edteres anuncia que como ejemplo que es de legislador independiente y aut\u00f3nomo, luego de poner contra la pared al responsable de la \u201cCuenta Suiza de Segundo Piso\u201d, cuando le organiz\u00f3 una bonita comparecencia para que explicara el asunto y donde poco le falt\u00f3 para decirle como el cl\u00e1sico, \u201cM\u00ed Se\u00f1or, pero qu\u00e9 inteligencia la suya para ahorrar tanto dinero, \u00a1exijo que me explique c\u00f3mo le hace para tener tantos aciertos!\u201d. Bueno pues el susodicho anuncia que est\u00e1 por crear una comisi\u00f3n especial para ver, peso por peso, en qu\u00e9 y c\u00f3mo el gobierno estatal se ha gastado el dinero para hacer frente a la pandemia del Covid-19. Su tuviera calidad moral la solicitud ser\u00eda hasta encomiable, pero luego de servir de comparsa al asunto de la Cuenta Suiza, como que se antoja absurdo que en esta emergencia las autoridades estatales estuvieran m\u00e1s preocupadas porque Bapty y sus diputados tuvieran a bien aprobarle recursos, que actuar. Por supuesto esto no descarta que se tengan que dar informes, pero no por una m\u00e1s de este personaje cada vez m\u00e1s caricaturesco.<\/p>\n\n\n\n<hr class=\"wp-block-separator\"\/>\n\n\n\n<p><strong><em>Aviso para que no digan: Esa columna se nutre de comentarios recabados en agencias del Recontra-Espionaje, muy similares a las que populariz\u00f3 el \u201cS\u00faper Agente 86\u201d en sus tiempos. Como tal, usted est\u00e1 en libertad de creer o no lo que lee, recontra-enojarse, recontra-carcajearse y hasta recontra-recordarnos a nuestra jefecita (nosotros recontra-hacemos lo propio). Avisado est\u00e1 usted.<\/em><\/strong><\/p>\n\n\n\n<p>Dudas y comentarios:<\/p>\n\n\n\n<p><a href=\"mailto:desexenterado@gmail.com\">desexenterado@gmail.com<\/a><\/p>\n\n\n\n<p>@desexenterado<\/p>\n","protected":false},"excerpt":{"rendered":"<p>PRUEBAS GRATUITAS R\u00c1PIDAS DE COVID-19.- Los habitantes de zonas vulnerables y con m\u00e1s alta incidencia de casos de coronavirus en la entidad, podr\u00e1n realizarse la prueba r\u00e1pida para saber si padecen la enfermedad. Esto a iniciativa del gobernador Fayad, y bajo el principio b\u00e1sico de que si una persona confirma que tiene el virus, es [&hellip;]<\/p>\n","protected":false},"author":93,"featured_media":0,"comment_status":"closed","ping_status":"open","sticky":false,"template":"","format":"standard","meta":{"footnotes":""},"categories":[83],"tags":[],"class_list":["post-120632","post","type-post","status-publish","format-standard","hentry","category-dese-por-enterado"],"_links":{"self":[{"href":"https:\/\/plazajuarez.mx\/historico\/wp-json\/wp\/v2\/posts\/120632","targetHints":{"allow":["GET"]}}],"collection":[{"href":"https:\/\/plazajuarez.mx\/historico\/wp-json\/wp\/v2\/posts"}],"about":[{"href":"https:\/\/plazajuarez.mx\/historico\/wp-json\/wp\/v2\/types\/post"}],"author":[{"embeddable":true,"href":"https:\/\/plazajuarez.mx\/historico\/wp-json\/wp\/v2\/users\/93"}],"replies":[{"embeddable":true,"href":"https:\/\/plazajuarez.mx\/historico\/wp-json\/wp\/v2\/comments?post=120632"}],"version-history":[{"count":0,"href":"https:\/\/plazajuarez.mx\/historico\/wp-json\/wp\/v2\/posts\/120632\/revisions"}],"wp:attachment":[{"href":"https:\/\/plazajuarez.mx\/historico\/wp-json\/wp\/v2\/media?parent=120632"}],"wp:term":[{"taxonomy":"category","embeddable":true,"href":"https:\/\/plazajuarez.mx\/historico\/wp-json\/wp\/v2\/categories?post=120632"},{"taxonomy":"post_tag","embeddable":true,"href":"https:\/\/plazajuarez.mx\/historico\/wp-json\/wp\/v2\/tags?post=120632"}],"curies":[{"name":"wp","href":"https:\/\/api.w.org\/{rel}","templated":true}]}}