{"id":120626,"date":"2020-06-26T06:09:59","date_gmt":"2020-06-26T11:09:59","guid":{"rendered":"https:\/\/plazajuarez.mx\/?p=120626"},"modified":"2020-06-26T06:15:22","modified_gmt":"2020-06-26T11:15:22","slug":"alfil-negro-1860","status":"publish","type":"post","link":"https:\/\/plazajuarez.mx\/historico\/alfil-negro-1860\/","title":{"rendered":"ALFIL NEGRO"},"content":{"rendered":"\n<h2 class=\"wp-block-heading\"><strong>NECESITAMOS TAN POCO<\/strong><\/h2>\n\n\n\n<!--more-->\n\n\n\n<p>A veces nos enredamos<br>en la lucha por la vida,<br>y le damos importancia<br>a lo que no vale mucho,<br>y dejamos en la orilla<br>lo que de verdad importa,<br>y cuando abrimos los ojos<br>a lo mejor ya no hay tiempo,<br>m\u00e1s que para darnos cuenta<br>que lo que iba primero<br>lo tuvimos olvidado.<\/p>\n\n\n\n<p><br>Conforme pasan los d\u00edas,<br>los recuerdos se presentan,<br>aferrados en el alma<br>u\u00f1as y dientes de plata,<br>la salsa que hac\u00eda mi madre,<br>los elotes y las habas<br>que mi padre nos llevaba<br>de los surcos de la tierra,<br>el camino a la laguna\u00a0<br>con patos ni\u00f1os de luces<br>y peces duendes del agua<br>que viven, nadan y sue\u00f1an<br>con el peque\u00f1o de entonces.<\/p>\n\n\n\n<p><br>Mi parque, mi viejo parque,<br>del que recuerdo los Pinos<br>y un ni\u00f1o llamado Chayo,<br>con su muleta de palo,\u00a0<br>y su sonrisa de viento,<br>al que ya no vi de grande.<br><br>Y extra\u00f1o cuando en el cielo<br>veo cruzar alg\u00fan cometa&#8230;<br>Y aunque se ha pasado el tiempo,<br>sigo mirando a mi madre<br>bordando una servilleta<br>En el dintel de la puerta,<br>mientras en el viejo parque<br>los ni\u00f1os jugamos ro\u00f1a,<br>y nos vamos poco a poco<br>alejando con los a\u00f1os<br>del parque de nuestro pueblo,<br>para iniciar nuevas sendas<br>y escribir nuestra historia.<br><br>Los\u00a0 recuerdos son la vida<br>que escribimos golpe a golpe,<br>con sonrisas y con llanto<br>con esperanzas y sue\u00f1os.\u00a0<br><br>Y ahora ya de grande,<br>siento que nada es m\u00e1s serio<br>importante y m\u00e1s valioso<br>que la risa de los hijos,<br>la caricia de la esposa,<br>el consejo del hermano,<br>la presencia del amigo,<br>que no hay moneda que valga<br>el vuelo de un colibr\u00ed,<br>la lluvia fresca en la tarde,<br>el canto del viento fiero,<br>el vuelo de mariposas<br>y el gorjeo de los gorriones&#8230;<br><br>Si esto me deja el encierro<br>vale la pena vivirlo ,\u00a0<br>porque me habr\u00e1 dado tiempo<br>de ver que lo m\u00e1s valioso,<br>como el sonido del agua,<br>y la luz de m\u00e1s estrellas,<br>son un regalo de siempre<br>que s\u00f3lo pude mirarlos.<br><br>En estas horas de muros,<br>y entender que lo important<br>se esconde dentro del alma,<br>y late\u00a0 dentro del pecho,<br>coraz\u00f3n de girasoles,<br>y sentir en los recuerdos<br>como un r\u00edo de mil palomas,<br>y un hurac\u00e1n de nostalgia,<br>que nos toman de la mano,<br>y nos se\u00f1alan con ansias<br>un horizonte de luces,<br>de \u00e1ngeles de hierro y abejas<br>y un mundo de eternidades.<br><\/p>\n","protected":false},"excerpt":{"rendered":"<p>NECESITAMOS TAN POCO<\/p>\n","protected":false},"author":83,"featured_media":0,"comment_status":"closed","ping_status":"open","sticky":false,"template":"","format":"standard","meta":{"footnotes":""},"categories":[48,42],"tags":[],"class_list":["post-120626","post","type-post","status-publish","format-standard","hentry","category-adalberto-peralta","category-nuestrapalabra"],"_links":{"self":[{"href":"https:\/\/plazajuarez.mx\/historico\/wp-json\/wp\/v2\/posts\/120626","targetHints":{"allow":["GET"]}}],"collection":[{"href":"https:\/\/plazajuarez.mx\/historico\/wp-json\/wp\/v2\/posts"}],"about":[{"href":"https:\/\/plazajuarez.mx\/historico\/wp-json\/wp\/v2\/types\/post"}],"author":[{"embeddable":true,"href":"https:\/\/plazajuarez.mx\/historico\/wp-json\/wp\/v2\/users\/83"}],"replies":[{"embeddable":true,"href":"https:\/\/plazajuarez.mx\/historico\/wp-json\/wp\/v2\/comments?post=120626"}],"version-history":[{"count":0,"href":"https:\/\/plazajuarez.mx\/historico\/wp-json\/wp\/v2\/posts\/120626\/revisions"}],"wp:attachment":[{"href":"https:\/\/plazajuarez.mx\/historico\/wp-json\/wp\/v2\/media?parent=120626"}],"wp:term":[{"taxonomy":"category","embeddable":true,"href":"https:\/\/plazajuarez.mx\/historico\/wp-json\/wp\/v2\/categories?post=120626"},{"taxonomy":"post_tag","embeddable":true,"href":"https:\/\/plazajuarez.mx\/historico\/wp-json\/wp\/v2\/tags?post=120626"}],"curies":[{"name":"wp","href":"https:\/\/api.w.org\/{rel}","templated":true}]}}