{"id":120625,"date":"2020-06-26T06:08:51","date_gmt":"2020-06-26T11:08:51","guid":{"rendered":"https:\/\/plazajuarez.mx\/?p=120625"},"modified":"2020-06-26T06:09:09","modified_gmt":"2020-06-26T11:09:09","slug":"lanzan-programa-gratuito-de-pruebas-rapidas-covid-19","status":"publish","type":"post","link":"https:\/\/plazajuarez.mx\/historico\/lanzan-programa-gratuito-de-pruebas-rapidas-covid-19\/","title":{"rendered":"Lanzan programa gratuito de pruebas r\u00e1pidas Covid-19"},"content":{"rendered":"\n<ul class=\"wp-block-list\"><li><strong>El programa es \u00fanico en el pa\u00eds y est\u00e1 enfocado en brindar pruebas r\u00e1pidas, gratuitas y masivas a la poblaci\u00f3n m\u00e1s vulnerable; la prueba ser\u00e1 en m\u00f3dulos<\/strong><\/li><\/ul>\n\n\n\n<!--more-->\n\n\n\n<p>Como parte de las medidas del Operativo Escudo el gobernador Omar Fayad puso en marcha el programa de pruebas r\u00e1pidas gratuitas para detectar el coronavirus en las comunidades con mayor n\u00famero de contagios en Hidalgo.&nbsp;<\/p>\n\n\n\n<p>Este programa es el primero en el pa\u00eds en proporcionar pruebas gratuitas a las poblaciones m\u00e1s vulnerables y se pone en operaci\u00f3n como parte de los esfuerzos que han permitido mantener bajo control la epidemia de Covid-19 en el estado. Su dise\u00f1o permitir\u00e1 identificar casos de Covid-19 en las zonas de mayor riesgo y concentraci\u00f3n poblacional, proporcionar atenci\u00f3n m\u00e9dica oportuna y rastrear la cadena de contagio, se\u00f1al\u00f3 el mandatario, al poner en operaci\u00f3n los primeros 4 m\u00f3dulos de diagn\u00f3stico en los municipios de Pachuca y Mineral de la Reforma. Adem\u00e1s, puntualiz\u00f3 que en los pr\u00f3ximos d\u00edas se instalar\u00e1 un total de 30 m\u00f3dulos en los principales centros de poblaci\u00f3n del estado.<\/p>\n\n\n\n<p>Los m\u00f3dulos aplicar\u00e1n pruebas gratuitas de tipo serol\u00f3gico \u2013que no requieren procesamiento en laboratorio \u2013 a ciudadanos que presenten s\u00edntomas de la enfermedad y se obtendr\u00e1 los resultados en un m\u00e1ximo de 30 minutos.&nbsp;<\/p>\n\n\n\n<p>\u201cLa rapidez para que una persona sepa si est\u00e1 infectada es de gran importancia porque le permitir\u00e1 iniciar su tratamiento de inmediato y as\u00ed ganar tiempo\u201d destac\u00f3 Fayad. Asimismo, se\u00f1al\u00f3 que el n\u00famero de pruebas que se aplicar\u00e1 ubicar\u00e1 a Hidalgo como l\u00edder en el pa\u00eds y en Am\u00e9rica Latina.<\/p>\n\n\n\n<p>Para la instalaci\u00f3n de los primeros m\u00f3dulos se eligieron Plaza de la Constituci\u00f3n y la colonia Cubitos en Pachuca, as\u00ed como las colonias Tulipanes y La Providencia en Mineral de la Reforma.&nbsp; Al respecto Fayad dijo que se trata de un programa creado para apoyar a los hidalguenses que m\u00e1s lo necesitan y, especialmente, a quienes no tienen seguridad social.<\/p>\n\n\n\n<p>El gobernador Fayad puntualiz\u00f3 que las pruebas ser\u00e1n aplicadas a quienes tengan dos o m\u00e1s s\u00edntomas tales como tos, fiebre, dificultad para respirar o cansancio.&nbsp;<\/p>\n\n\n\n<p>Los m\u00f3dulos funcionar\u00e1n en los horarios de mayor flujo de personas: de 9:00 a 16:00 horas de lunes a viernes.&nbsp; Ser\u00e1n instalados en los pr\u00f3ximos d\u00edas en los municipios de San Agust\u00edn Tlaxiaca, Tulancingo, Tula de Allende, Tezontepec de Aldama, Actopan, Mixquiahuala, Huejutla, San Felipe Orizatl\u00e1n, Apan, Tepeapulco, Tizayuca, Tolcayuca, Zapotl\u00e1n de Ju\u00e1rez y Tepeji del R\u00edo.<\/p>\n","protected":false},"excerpt":{"rendered":"<p>El programa es \u00fanico en el pa\u00eds y est\u00e1 enfocado en brindar pruebas r\u00e1pidas, gratuitas y masivas a la poblaci\u00f3n m\u00e1s vulnerable; la prueba ser\u00e1 en m\u00f3dulos<\/p>\n","protected":false},"author":93,"featured_media":0,"comment_status":"closed","ping_status":"open","sticky":false,"template":"","format":"standard","meta":{"footnotes":""},"categories":[15,59],"tags":[],"class_list":["post-120625","post","type-post","status-publish","format-standard","hentry","category-destacadas","category-general"],"_links":{"self":[{"href":"https:\/\/plazajuarez.mx\/historico\/wp-json\/wp\/v2\/posts\/120625","targetHints":{"allow":["GET"]}}],"collection":[{"href":"https:\/\/plazajuarez.mx\/historico\/wp-json\/wp\/v2\/posts"}],"about":[{"href":"https:\/\/plazajuarez.mx\/historico\/wp-json\/wp\/v2\/types\/post"}],"author":[{"embeddable":true,"href":"https:\/\/plazajuarez.mx\/historico\/wp-json\/wp\/v2\/users\/93"}],"replies":[{"embeddable":true,"href":"https:\/\/plazajuarez.mx\/historico\/wp-json\/wp\/v2\/comments?post=120625"}],"version-history":[{"count":0,"href":"https:\/\/plazajuarez.mx\/historico\/wp-json\/wp\/v2\/posts\/120625\/revisions"}],"wp:attachment":[{"href":"https:\/\/plazajuarez.mx\/historico\/wp-json\/wp\/v2\/media?parent=120625"}],"wp:term":[{"taxonomy":"category","embeddable":true,"href":"https:\/\/plazajuarez.mx\/historico\/wp-json\/wp\/v2\/categories?post=120625"},{"taxonomy":"post_tag","embeddable":true,"href":"https:\/\/plazajuarez.mx\/historico\/wp-json\/wp\/v2\/tags?post=120625"}],"curies":[{"name":"wp","href":"https:\/\/api.w.org\/{rel}","templated":true}]}}