{"id":1206,"date":"2015-02-21T06:00:00","date_gmt":"2015-02-21T06:00:00","guid":{"rendered":"http:\/\/plazajuarez.mx\/index\/index.php\/2015\/02\/21\/fepade-preve-proceso-electoral-particularmente-complejo\/"},"modified":"2015-02-21T06:00:00","modified_gmt":"2015-02-21T06:00:00","slug":"fepade-preve-proceso-electoral-particularmente-complejo","status":"publish","type":"post","link":"https:\/\/plazajuarez.mx\/historico\/fepade-preve-proceso-electoral-particularmente-complejo\/","title":{"rendered":"Fepade prev\u00e9 proceso electoral  \u201cparticularmente complejo\u201d"},"content":{"rendered":"<p><strong><span style=\"font-family: verdana,geneva; font-size: 10pt;\">M\u00e9xico, D.F.- Santiago Nieto Castillo, nuevo titular de la Fiscal\u00eda Especializada para la Atenci\u00f3n de Delitos Electorales (Fepade), indic\u00f3 que todos los procesos electorales que ha vivido M\u00e9xico han sido complejos, pero que este a\u00f1o es &#8220;particularmente complejo&#8221; por varios elementos, entre ellos el de inseguridad.\u00a0<\/span><\/strong><\/p>\n<p>  <!--more-->  <\/p>\n<p>\u00a0<\/p>\n<p><span style=\"font-family: verdana,geneva; font-size: 10pt;\">&#8220;Vivimos un proceso electoral complejo, todos los procesos electorales que ha vivido este pa\u00eds han sido complejos, lo que se busca es la renovaci\u00f3n del ejercicio del poder, y por tanto siempre se desatan pasiones y siempre van a desatar controversias. En ese sentido, 2015 no va a ser un a\u00f1o diferente&#8221;, dijo el fiscal en entrevista radiof\u00f3nica.<\/span><\/p>\n<p><span style=\"font-family: verdana,geneva; font-size: 10pt;\">Sin embargo, dijo que &#8220;s\u00ed es un a\u00f1o particularmente complejo por varios elementos: primero, los temas de inseguridad en algunas entidades federativas; segundo, por la cantidad de cargos de elecci\u00f3n popular que van a ser sometidos a consideraci\u00f3n de la ciudadan\u00eda, tanto a nivel federal como local.\u00a0<\/span><\/p>\n<p><span style=\"font-family: verdana,geneva; font-size: 10pt;\">&#8220;Tercero, en el caso de la Fiscal\u00eda Especializada para la Atenci\u00f3n de Delitos Electorales, por las nuevas competencias, primero la necesidad de transici\u00f3n que vamos a experimentar en estos a\u00f1os a un sistema penal acusatorio y segundo por el nuevo tipo de delitos electorales&#8221;.\u00a0(Agencias)<\/span><\/p>\n","protected":false},"excerpt":{"rendered":"<p>M\u00e9xico, D.F.- Santiago Nieto Castillo, nuevo titular de la Fiscal\u00eda Especializada para la Atenci\u00f3n de Delitos Electorales (Fepade), indic\u00f3 que todos los procesos electorales que ha vivido M\u00e9xico han sido complejos, pero que este a\u00f1o es &#8220;particularmente complejo&#8221; por varios elementos, entre ellos el de inseguridad.\u00a0<\/p>\n","protected":false},"author":93,"featured_media":0,"comment_status":"open","ping_status":"open","sticky":false,"template":"","format":"standard","meta":{"footnotes":""},"categories":[36],"tags":[],"class_list":["post-1206","post","type-post","status-publish","format-standard","hentry","category-nacion"],"_links":{"self":[{"href":"https:\/\/plazajuarez.mx\/historico\/wp-json\/wp\/v2\/posts\/1206","targetHints":{"allow":["GET"]}}],"collection":[{"href":"https:\/\/plazajuarez.mx\/historico\/wp-json\/wp\/v2\/posts"}],"about":[{"href":"https:\/\/plazajuarez.mx\/historico\/wp-json\/wp\/v2\/types\/post"}],"author":[{"embeddable":true,"href":"https:\/\/plazajuarez.mx\/historico\/wp-json\/wp\/v2\/users\/93"}],"replies":[{"embeddable":true,"href":"https:\/\/plazajuarez.mx\/historico\/wp-json\/wp\/v2\/comments?post=1206"}],"version-history":[{"count":0,"href":"https:\/\/plazajuarez.mx\/historico\/wp-json\/wp\/v2\/posts\/1206\/revisions"}],"wp:attachment":[{"href":"https:\/\/plazajuarez.mx\/historico\/wp-json\/wp\/v2\/media?parent=1206"}],"wp:term":[{"taxonomy":"category","embeddable":true,"href":"https:\/\/plazajuarez.mx\/historico\/wp-json\/wp\/v2\/categories?post=1206"},{"taxonomy":"post_tag","embeddable":true,"href":"https:\/\/plazajuarez.mx\/historico\/wp-json\/wp\/v2\/tags?post=1206"}],"curies":[{"name":"wp","href":"https:\/\/api.w.org\/{rel}","templated":true}]}}