{"id":120555,"date":"2020-06-26T06:00:00","date_gmt":"2020-06-26T11:00:00","guid":{"rendered":"https:\/\/plazajuarez.mx\/?p=120555"},"modified":"2020-06-25T21:12:55","modified_gmt":"2020-06-26T02:12:55","slug":"por-violencia-en-salamanca-3-muertos","status":"publish","type":"post","link":"https:\/\/plazajuarez.mx\/historico\/por-violencia-en-salamanca-3-muertos\/","title":{"rendered":"Por violencia en Salamanca, 3 muertos"},"content":{"rendered":"\n<ul class=\"wp-block-list\"><li><strong>El parte policial confirm\u00f3 que elementos de la Guardia Nacional encontraron fusiles de asalto<\/strong><\/li><\/ul>\n\n\n\n<!--more-->\n\n\n\n<p>En el estado de Guanajuato, ayer autoridades dieron a conocer que el saldo que arroj\u00f3 la jornada de violencia de las \u00faltimas horas en el municipio de Salamanca por acciones que le son imputadas a \u201cEl Marro\u201d, l\u00edder del c\u00e1rtel de Santa Rosa de Lima, fue de tres muertos, adem\u00e1s de cinco personas que resultaron lesionadas, as\u00ed como el aseguramiento de una camioneta con armamento y explosivos.<\/p>\n\n\n\n<p>La camioneta fue localizada por fuerzas federales sobre el Libramiento Sur, a la altura de la colonia Las Rosas.<\/p>\n\n\n\n<p>El parte policial confirm\u00f3 que elementos de la Guardia Nacional encontraron, al interior del veh\u00edculo de lujo, fusiles de asalto, explosivos y chalecos antibalas.<\/p>\n\n\n\n<p>Minutos antes, sujetos armados dispararon hacia una vivienda, a la que tambi\u00e9n le prendieron fuego. El saldo en este suceso fue de cuatro lesionados, entre ellos, dos ni\u00f1os.<\/p>\n\n\n\n<p>Al respecto el secretario de la Defensa, general Luis Cresencio Sandoval, inform\u00f3 que se reforz\u00f3 la seguridad de la refiner\u00eda de Salamanca ante una posible acci\u00f3n de ese grupo delictivo y anoche se hubo una agresi\u00f3n contra fuerzas federales donde se asegur\u00f3 un veh\u00edculo con explosivos.<\/p>\n\n\n\n<p>El general Luis Cresencio Sandoval inform\u00f3 que unas 25 personas relacionadas con la obstrucci\u00f3n de las v\u00edas de comunicaci\u00f3n durante la detenci\u00f3n de familiares de Jos\u00e9 Antonio Y\u00e9pez, &#8220;El Marro&#8221;, uno de los l\u00edderes del c\u00e1rtel de Santa Rosa de Lima, fueron liberados porque no hubo una buena integraci\u00f3n de su proceso.<\/p>\n\n\n\n<p>Sin embargo, los familiares de &#8220;El Marro&#8221; detenidos siguen su proceso y confi\u00f3 a tener \u00e9xito en su detenci\u00f3n formal.<\/p>\n\n\n\n<p>En otro hecho, otro grupo armado ingres\u00f3 a una vivienda de la colonia Los sauces, donde dispararon contra una pareja; el hombre muri\u00f3 y la mujer qued\u00f3 herida.<\/p>\n\n\n\n<p>Se estableci\u00f3 que las autoridades municipales localizaron en diferentes puntos y hora los cuerpos de dos personas m\u00e1s asesinadas a tiros.<\/p>\n","protected":false},"excerpt":{"rendered":"<p>El parte policial confirm\u00f3 que elementos de la Guardia Nacional encontraron fusiles de asalto<\/p>\n","protected":false},"author":81,"featured_media":0,"comment_status":"closed","ping_status":"open","sticky":false,"template":"","format":"standard","meta":{"footnotes":""},"categories":[37],"tags":[],"class_list":["post-120555","post","type-post","status-publish","format-standard","hentry","category-barandilla"],"_links":{"self":[{"href":"https:\/\/plazajuarez.mx\/historico\/wp-json\/wp\/v2\/posts\/120555","targetHints":{"allow":["GET"]}}],"collection":[{"href":"https:\/\/plazajuarez.mx\/historico\/wp-json\/wp\/v2\/posts"}],"about":[{"href":"https:\/\/plazajuarez.mx\/historico\/wp-json\/wp\/v2\/types\/post"}],"author":[{"embeddable":true,"href":"https:\/\/plazajuarez.mx\/historico\/wp-json\/wp\/v2\/users\/81"}],"replies":[{"embeddable":true,"href":"https:\/\/plazajuarez.mx\/historico\/wp-json\/wp\/v2\/comments?post=120555"}],"version-history":[{"count":0,"href":"https:\/\/plazajuarez.mx\/historico\/wp-json\/wp\/v2\/posts\/120555\/revisions"}],"wp:attachment":[{"href":"https:\/\/plazajuarez.mx\/historico\/wp-json\/wp\/v2\/media?parent=120555"}],"wp:term":[{"taxonomy":"category","embeddable":true,"href":"https:\/\/plazajuarez.mx\/historico\/wp-json\/wp\/v2\/categories?post=120555"},{"taxonomy":"post_tag","embeddable":true,"href":"https:\/\/plazajuarez.mx\/historico\/wp-json\/wp\/v2\/tags?post=120555"}],"curies":[{"name":"wp","href":"https:\/\/api.w.org\/{rel}","templated":true}]}}