{"id":120554,"date":"2020-06-26T06:00:00","date_gmt":"2020-06-26T11:00:00","guid":{"rendered":"https:\/\/plazajuarez.mx\/?p=120554"},"modified":"2020-06-25T21:12:16","modified_gmt":"2020-06-26T02:12:16","slug":"pgjeh-anula-prohibicion-de-uso-de-escotes-y-mini-faldas","status":"publish","type":"post","link":"https:\/\/plazajuarez.mx\/historico\/pgjeh-anula-prohibicion-de-uso-de-escotes-y-mini-faldas\/","title":{"rendered":"PGJEH anula prohibici\u00f3n de uso de escotes y mini faldas"},"content":{"rendered":"\n<ul class=\"wp-block-list\"><li><strong>Pol\u00edticas de trabajo al personal de la instituci\u00f3n, son con perspectiva de g\u00e9nero<\/strong><\/li><\/ul>\n\n\n\n<!--more-->\n\n\n\n<p>Respecto al oficio SPPP\/DGILP\/0839\/2020, de 23 de junio, que la Direcci\u00f3n de Investigaci\u00f3n y Litigaci\u00f3n regi\u00f3n poniente dirigi\u00f3 al personal del \u00e1rea, la Procuradur\u00eda General de Justicia del Estado de Hidalgo precisa que de ninguna manera representa una postura institucional, por lo cual qued\u00f3 sin efecto.<\/p>\n\n\n\n<p>Pol\u00edticas de trabajo al personal de la instituci\u00f3n, son con perspectiva de g\u00e9nero y respeto a Derechos Humanos. Lo ocurrido hace ver deficiencias en ese sentido.<\/p>\n\n\n\n<p>Para evitar repetici\u00f3n de situaciones similares, PGJEH ha instruido, capacitaci\u00f3n al director responsable de emitir el oficio, para evitar conductas discriminatorias.<\/p>\n\n\n\n<p>Se iniciar\u00e1 campa\u00f1a interna de difusi\u00f3n de obligaciones que marca la ley en materia de responsabilidades de las y los servidores p\u00fablicos y que son espec\u00edficas para personal de la instituci\u00f3n, con el objetivo de insistir en el trabajo con perspectiva de g\u00e9nero.<\/p>\n\n\n\n<p>Visitadur\u00eda General de la Procuradur\u00eda tom\u00f3 conocimiento de los hechos y se encarga de atender el asunto conforme a su competencia.<\/p>\n","protected":false},"excerpt":{"rendered":"<p>Pol\u00edticas de trabajo al personal de la instituci\u00f3n, son con perspectiva de g\u00e9nero<\/p>\n","protected":false},"author":93,"featured_media":0,"comment_status":"closed","ping_status":"open","sticky":false,"template":"","format":"standard","meta":{"footnotes":""},"categories":[37],"tags":[],"class_list":["post-120554","post","type-post","status-publish","format-standard","hentry","category-barandilla"],"_links":{"self":[{"href":"https:\/\/plazajuarez.mx\/historico\/wp-json\/wp\/v2\/posts\/120554","targetHints":{"allow":["GET"]}}],"collection":[{"href":"https:\/\/plazajuarez.mx\/historico\/wp-json\/wp\/v2\/posts"}],"about":[{"href":"https:\/\/plazajuarez.mx\/historico\/wp-json\/wp\/v2\/types\/post"}],"author":[{"embeddable":true,"href":"https:\/\/plazajuarez.mx\/historico\/wp-json\/wp\/v2\/users\/93"}],"replies":[{"embeddable":true,"href":"https:\/\/plazajuarez.mx\/historico\/wp-json\/wp\/v2\/comments?post=120554"}],"version-history":[{"count":0,"href":"https:\/\/plazajuarez.mx\/historico\/wp-json\/wp\/v2\/posts\/120554\/revisions"}],"wp:attachment":[{"href":"https:\/\/plazajuarez.mx\/historico\/wp-json\/wp\/v2\/media?parent=120554"}],"wp:term":[{"taxonomy":"category","embeddable":true,"href":"https:\/\/plazajuarez.mx\/historico\/wp-json\/wp\/v2\/categories?post=120554"},{"taxonomy":"post_tag","embeddable":true,"href":"https:\/\/plazajuarez.mx\/historico\/wp-json\/wp\/v2\/tags?post=120554"}],"curies":[{"name":"wp","href":"https:\/\/api.w.org\/{rel}","templated":true}]}}