{"id":120492,"date":"2020-06-25T12:26:20","date_gmt":"2020-06-25T17:26:20","guid":{"rendered":"https:\/\/plazajuarez.mx\/?p=120492"},"modified":"2020-06-25T12:29:02","modified_gmt":"2020-06-25T17:29:02","slug":"lopez-obrador-iberdrola-tiene-la-voluntad-de-seguir-invirtiendo-en-mexico","status":"publish","type":"post","link":"https:\/\/plazajuarez.mx\/historico\/lopez-obrador-iberdrola-tiene-la-voluntad-de-seguir-invirtiendo-en-mexico\/","title":{"rendered":"L\u00f3pez Obrador: Iberdrola tiene la voluntad de seguir invirtiendo en M\u00e9xico"},"content":{"rendered":"\n<ul class=\"wp-block-list\"><li><strong>A\u00fan &#8220;no hay ninguna informaci\u00f3n oficial&#8221; al respecto de la suspensi\u00f3n de la planta en Tuxpan, en el oriental estado de Veracruz, y lo atribuy\u00f3 a una &#8220;nota period\u00edstica&#8221;<\/strong><\/li><\/ul>\n\n\n\n<!--more-->\n\n\n\n<p>El presidente de M\u00e9xico, Andr\u00e9s Manuel L\u00f3pez Obrador, asegur\u00f3 este jueves que la energ\u00e9tica Iberdrola tiene la voluntad de continuar invirtiendo en M\u00e9xico pese a la pol\u00e9mica surgida por la suspensi\u00f3n de una futura planta tras desacuerdos con la Comisi\u00f3n Federal de Electricidad (CFE).<\/p>\n\n\n\n<p>&#8220;Recib\u00ed una carta de los directivos de esta empresa informando que tienen en efecto alrededor de 26 plantas termoel\u00e9ctricas en el pa\u00eds y que tienen la voluntad de seguir invirtiendo en M\u00e9xico y tambi\u00e9n la disposici\u00f3n de llegar a acuerdos con el Gobierno&#8221;, inform\u00f3 el presidente en su conferencia matutina.<\/p>\n\n\n\n<p>Desde el Estado de M\u00e9xico, donde se encuentra de visita, el presidente, del izquierdista Movimiento Regeneraci\u00f3n Nacional (Morena), indic\u00f3 que todav\u00eda &#8220;no hay ninguna informaci\u00f3n oficial&#8221; al respecto de la suspensi\u00f3n de la planta en Tuxpan, en el oriental estado de Veracruz, y lo atribuy\u00f3 a una &#8220;nota period\u00edstica&#8221;.<\/p>\n\n\n\n<p>A continuaci\u00f3n, explic\u00f3 que turn\u00f3 la carta de Iberdrola a la secretaria de Energ\u00eda, Roc\u00edo Nahle, y al director de la Comisi\u00f3n Federal de Electricidad (CFE), Manuel Bartlett.<\/p>\n\n\n\n<p>&#8220;Pero no hay ninguna notificaci\u00f3n en este sentido (sobre la cancelaci\u00f3n). Me hubiesen dicho que ante las diferencias que tenemos que son p\u00fablicas hab\u00edan tomado la decisi\u00f3n de cancelar una inversi\u00f3n, una obra, pero no es eso lo que me expresan&#8221;, remarc\u00f3.<\/p>\n\n\n\n<p>El presidente inform\u00f3 tambi\u00e9n que en la misiva, Iberdrola le ped\u00eda una entrevista directamente con \u00e9l, si bien por el momento los directivos de Iberdrola solo se reunir\u00e1n con miembros de su gabinete.<\/p>\n\n\n\n<p>No obstante, se mostr\u00f3 convencido de que se va a llegar a un consenso.<\/p>\n\n\n\n<p>La suspensi\u00f3n de una futura planta de ciclo combinado de Iberdrola con una inversi\u00f3n de 1.200 millones de d\u00f3lares ha ilustrado esta semana la incertidumbre sobre la actual pol\u00edtica energ\u00e9tica mexicana.<\/p>\n\n\n\n<p>La compa\u00f1\u00eda par\u00f3 la obra, que crear\u00eda al menos 2.000 empleos directos, por la negativa de la Comisi\u00f3n Federal de Electricidad (CFE) de suministrarle gas natural para su operaci\u00f3n, seg\u00fan declar\u00f3 a la prensa Juan Antonio Aguilar, alcalde de Tuxpan.<\/p>\n\n\n\n<p>Aunque Iberdrola no se ha pronunciado, el gobernador de Veracruz, Cuitl\u00e1huac Garc\u00eda, afirm\u00f3 que la CFE se encargar\u00eda de continuar, o realizar de cero, un proyecto parecido en el mismo municipio.<\/p>\n\n\n\n<p>Cuestionado sobre este tema, L\u00f3pez Obrador se limit\u00f3 a decir que &#8220;Todav\u00eda no hay que adelantarnos&#8221;, y afirm\u00f3 que se est\u00e1n &#8220;revisando contratos&#8221; porque durante el &#8220;periodo neoliberal&#8221; se benefici\u00f3 a empresas particulares.<\/p>\n\n\n\n<p>Indic\u00f3 que, se ha llegado &#8220;al grado&#8221; de que las firmas privadas producen m\u00e1s electricidad que la CFE.<\/p>\n\n\n\n<p>&#8220;El plan era entregar todo el mercado de la energ\u00eda el\u00e9ctrica a las empresas particulares. Y en especial, a las espa\u00f1olas&#8221;, afirm\u00f3.<\/p>\n\n\n\n<p>Seg\u00fan fuentes del sector, Iberdrola tiene una cuota de mercado de cerca del 15 %.<\/p>\n\n\n\n<p>Con una plantilla de 1.300 empleados, Iberdrola M\u00e9xico tiene presencia en el pa\u00eds desde hace m\u00e1s de 20 a\u00f1os.<\/p>\n\n\n\n<p>En la actualidad, tiene una capacidad instalada de m\u00e1s de 9.100 megavatios (MW) repartida en 26 centrales -ciclos combinados, cogeneraciones, parques e\u00f3licos y fotovoltaicos- ubicadas en 13 estados.<\/p>\n\n\n\n<p>Adem\u00e1s, tiene 8 proyectos en construcci\u00f3n.<\/p>\n","protected":false},"excerpt":{"rendered":"<p>A\u00fan &#8220;no hay ninguna informaci\u00f3n oficial&#8221; al respecto de la suspensi\u00f3n de la planta en Tuxpan, en el oriental estado de Veracruz, y lo atribuy\u00f3 a una &#8220;nota period\u00edstica&#8221;<\/p>\n","protected":false},"author":80,"featured_media":0,"comment_status":"closed","ping_status":"open","sticky":false,"template":"","format":"standard","meta":{"footnotes":""},"categories":[15,36],"tags":[],"class_list":["post-120492","post","type-post","status-publish","format-standard","hentry","category-destacadas","category-nacion"],"_links":{"self":[{"href":"https:\/\/plazajuarez.mx\/historico\/wp-json\/wp\/v2\/posts\/120492","targetHints":{"allow":["GET"]}}],"collection":[{"href":"https:\/\/plazajuarez.mx\/historico\/wp-json\/wp\/v2\/posts"}],"about":[{"href":"https:\/\/plazajuarez.mx\/historico\/wp-json\/wp\/v2\/types\/post"}],"author":[{"embeddable":true,"href":"https:\/\/plazajuarez.mx\/historico\/wp-json\/wp\/v2\/users\/80"}],"replies":[{"embeddable":true,"href":"https:\/\/plazajuarez.mx\/historico\/wp-json\/wp\/v2\/comments?post=120492"}],"version-history":[{"count":0,"href":"https:\/\/plazajuarez.mx\/historico\/wp-json\/wp\/v2\/posts\/120492\/revisions"}],"wp:attachment":[{"href":"https:\/\/plazajuarez.mx\/historico\/wp-json\/wp\/v2\/media?parent=120492"}],"wp:term":[{"taxonomy":"category","embeddable":true,"href":"https:\/\/plazajuarez.mx\/historico\/wp-json\/wp\/v2\/categories?post=120492"},{"taxonomy":"post_tag","embeddable":true,"href":"https:\/\/plazajuarez.mx\/historico\/wp-json\/wp\/v2\/tags?post=120492"}],"curies":[{"name":"wp","href":"https:\/\/api.w.org\/{rel}","templated":true}]}}