{"id":120481,"date":"2020-06-25T07:27:00","date_gmt":"2020-06-25T12:27:00","guid":{"rendered":"https:\/\/plazajuarez.mx\/?p=120481"},"modified":"2020-06-25T07:27:15","modified_gmt":"2020-06-25T12:27:15","slug":"dese-por-enterado-728","status":"publish","type":"post","link":"https:\/\/plazajuarez.mx\/historico\/dese-por-enterado-728\/","title":{"rendered":"DESE POR ENTERADO"},"content":{"rendered":"\n<p><strong>EX EDILES QUE QUIEREN CANDIDATURA.-<\/strong> Por alguna raz\u00f3n algunos ex presidentes municipales piensan que la ciudadan\u00eda, a la que mal gobernaron, se desbordar\u00e1 en alegr\u00eda y festejo nadam\u00e1s de enterarse que ser\u00e1n candidatos para volver al cargo. Est\u00e1n seguros desde su nicho de soberbia que todos est\u00e1n listos para llevarlos al poder, en muestra de agradecimiento sepa Dios de qu\u00e9. Y por eso hay personajes como Ricardo Baptista que hoy en su calidad de vasallo del l\u00edder del Grupo Universidad, afirma que sigue a la espera para intentar gobernar de nueva cuenta el ayuntamiento de Tula de Allende. Hay que ver lo que provoca marearse trepado en un ladrillo, como en este caso, del que hasta hace poco afirmaba que solo hablaba con sus pares, y por eso el Secretario de Gobierno le quedaba chico.<\/p>\n\n\n\n<hr class=\"wp-block-separator\"\/>\n\n\n\n<p><strong>JOS\u00c9 LUIS ROMO CRUZ, TRABAJAR SIN PROTAGONISMOS.-<\/strong> El titular de la Secretar\u00eda Ejecutiva de la Pol\u00edtica P\u00fablica ha cumplido, y bien, con las instrucciones del gobernador Omar Fayad para hacer frente a la pandemia del Covid-19. Los momentos en que el Jefe del Ejecutivo estatal tuvo que estar en confinamiento luego de contraer el virus, se dedic\u00f3 a trabajar con intensidad sin afanes protag\u00f3nicos y en pleno acatamiento de las directrices marcadas por el mandatario hidalguense. Los resultados son importantes en medio de una situaci\u00f3n dif\u00edcil en todo el pa\u00eds. Y eso se hace cuando se sabe trabajar en equipo. Romo Cruz, por lo mientras, sabe cumplir \u00f3rdenes y directrices del gobernador.<\/p>\n\n\n\n<hr class=\"wp-block-separator\"\/>\n\n\n\n<p><strong>RADAR ESCUDO, APOYE, CONTESTE LAS LLAMADAS.-<\/strong> No se confunda ni permita que lo confundan. Cuando le hablan del Operativo Radar Escudo es para que usted colabore en el combate a la pandemia del Covid-19. El asunto es serio y sin duda es una oportunidad para hacer algo por nuestros semejantes. Si usted contesta las preguntas que le hagan, ofrece a las autoridades de salud elementos importantes para que se tenga un mapa digital de los hogares hidalguenses, y as\u00ed tomar medidas preventivas. Conteste, nada le cuesta, y por favor no haga caso a los c\u00ednicos que buscan sabotear este trabajo con el intento de plantear que hay intenciones pol\u00edticas. No, no es as\u00ed, se lo decimos en serio. Participe, es la oportunidad de hacer algo por nuestros semejantes.<\/p>\n\n\n\n<hr class=\"wp-block-separator\"\/>\n\n\n\n<p><strong>\u00bfPARA QU\u00c9 REABRIR EL INTERNADO DE EL MEXE?.-<\/strong> No, nadie lo entiende, mucho menos los padres de los alumnos de la Universidad para el Bienestar Benito Ju\u00e1rez Garc\u00eda (UBBJ), que funciona en las instalaciones de lo que era la Escuela Normal Luis Villarreal de El Mexe. Resulta que ya fueron avisados para que desalojen para que El Mexe recupere sus instalaciones con todo y \u00e1rea de internado. Y ser\u00e1n mandados, ni m\u00e1s ni menos que a Jacala. No, no lo entendemos porque la UBBJ ha dado buenos resultados junto con la Polit\u00e9cnica Francisco I. Madero. El Mexe se hab\u00eda convertido en todo, menos en un centro de estudios, y ahora quieren no solo reabrirla sino correr a los que s\u00ed se han dedicado a estudiar para que regresen los que hac\u00edan todo lo contrario. No, no entendemos.<\/p>\n\n\n\n<hr class=\"wp-block-separator\"\/>\n\n\n\n<p><strong><em>Aviso para que no digan: Esa columna se nutre de comentarios recabados en agencias del Recontra-Espionaje, muy similares a las que populariz\u00f3 el \u201cS\u00faper Agente 86\u201d en sus tiempos. Como tal, usted est\u00e1 en libertad de creer o no lo que lee, recontra-enojarse, recontra-carcajearse y hasta recontra-recordarnos a nuestra jefecita (nosotros recontra-hacemos lo propio). Avisado est\u00e1 usted.<\/em><\/strong><\/p>\n\n\n\n<p>Dudas y comentarios:<\/p>\n\n\n\n<p><a href=\"mailto:desexenterado@gmail.com\">desexenterado@gmail.com<\/a><\/p>\n\n\n\n<p>@desexenterado<\/p>\n","protected":false},"excerpt":{"rendered":"<p>EX EDILES QUE QUIEREN CANDIDATURA.- Por alguna raz\u00f3n algunos ex presidentes municipales piensan que la ciudadan\u00eda, a la que mal gobernaron, se desbordar\u00e1 en alegr\u00eda y festejo nadam\u00e1s de enterarse que ser\u00e1n candidatos para volver al cargo. Est\u00e1n seguros desde su nicho de soberbia que todos est\u00e1n listos para llevarlos al poder, en muestra de [&hellip;]<\/p>\n","protected":false},"author":93,"featured_media":0,"comment_status":"closed","ping_status":"open","sticky":false,"template":"","format":"standard","meta":{"footnotes":""},"categories":[83],"tags":[],"class_list":["post-120481","post","type-post","status-publish","format-standard","hentry","category-dese-por-enterado"],"_links":{"self":[{"href":"https:\/\/plazajuarez.mx\/historico\/wp-json\/wp\/v2\/posts\/120481","targetHints":{"allow":["GET"]}}],"collection":[{"href":"https:\/\/plazajuarez.mx\/historico\/wp-json\/wp\/v2\/posts"}],"about":[{"href":"https:\/\/plazajuarez.mx\/historico\/wp-json\/wp\/v2\/types\/post"}],"author":[{"embeddable":true,"href":"https:\/\/plazajuarez.mx\/historico\/wp-json\/wp\/v2\/users\/93"}],"replies":[{"embeddable":true,"href":"https:\/\/plazajuarez.mx\/historico\/wp-json\/wp\/v2\/comments?post=120481"}],"version-history":[{"count":0,"href":"https:\/\/plazajuarez.mx\/historico\/wp-json\/wp\/v2\/posts\/120481\/revisions"}],"wp:attachment":[{"href":"https:\/\/plazajuarez.mx\/historico\/wp-json\/wp\/v2\/media?parent=120481"}],"wp:term":[{"taxonomy":"category","embeddable":true,"href":"https:\/\/plazajuarez.mx\/historico\/wp-json\/wp\/v2\/categories?post=120481"},{"taxonomy":"post_tag","embeddable":true,"href":"https:\/\/plazajuarez.mx\/historico\/wp-json\/wp\/v2\/tags?post=120481"}],"curies":[{"name":"wp","href":"https:\/\/api.w.org\/{rel}","templated":true}]}}