{"id":120306,"date":"2020-06-24T19:02:02","date_gmt":"2020-06-25T00:02:02","guid":{"rendered":"https:\/\/plazajuarez.mx\/?p=120306"},"modified":"2020-06-24T21:07:49","modified_gmt":"2020-06-25T02:07:49","slug":"en-vivo-conferencia-de-prensa-sobre-covid-19-42","status":"publish","type":"post","link":"https:\/\/plazajuarez.mx\/historico\/en-vivo-conferencia-de-prensa-sobre-covid-19-42\/","title":{"rendered":"M\u00e9xico rompe la cifra de 24 mil muertes por Covid-19"},"content":{"rendered":"\n<ul class=\"wp-block-list\"><li><strong>Hay mil 894 defunciones sospechosas que esperan los resultados de las pruebas reactivas para ser confirmadas o descartadas.<\/strong><\/li><\/ul>\n\n\n\n<!--more-->\n\n\n\n<p>Veinticuatro d\u00edas despu\u00e9s de que inici\u00f3 la &#8220;nueva normalidad&#8221;, M\u00e9xico report\u00f3 196 mil 847 casos positivos a Covid-19, 5 mil 437 m\u00e1s que ayer, as\u00ed como 24 mil 324 defunciones, un incremento de 947 con respecto al d\u00eda anterior.<\/p>\n\n\n\n<p>En conferencia de prensa, Jos\u00e9 Luis Alom\u00eda, director de Epidemiolog\u00eda se\u00f1al\u00f3 que hay mil 894 defunciones sospechosas que esperan los resultados de las pruebas reactivas para ser confirmadas o descartadas. Agreg\u00f3 que los fallecimientos y los casos que se reportaron en las \u00faltimas 24 horas ocurrieron en fechas previas.<\/p>\n\n\n\n<p>&#8220;Las 947 defunciones confirmadas por laboratorio en las \u00faltimas 24 horas no ocurrieron de un d\u00eda para otro, la mayor\u00eda est\u00e1n en los \u00faltimos 10 d\u00edas, 603 fueron notificadas por el IMSS, 233 por la secretar\u00eda de Salud y 111 por otras instituciones&#8221;, expres\u00f3.<\/p>\n\n\n\n<p>Al recordar que 17 entidades mantienen un sem\u00e1foro naranja y 14 en color rojo, resalt\u00f3 que en todo el pa\u00eds hay 26 mil 637 camas para atender Covid-19, 14 mil 750 est\u00e1n disponibles y 11 mil 887 ocupadas.<\/p>\n\n\n\n<p>Mencion\u00f3 que hay un total de 8 mil 969 camas de cuidados intensivos o que cuentan con ventilador mec\u00e1nico para soporte respiratorio, de las que 5 mil 592 est\u00e1n disponibles y 3 mil 377 ocupadas.<\/p>\n\n\n\n<p>En camas generales, Ciudad de M\u00e9xico, Estado de M\u00e9xico y Sonora mantienen la ocupaci\u00f3n m\u00e1s alta con 69%, 67% y 60% respectivamente, mientras que en camas cr\u00edticas, Baja California tiene una ocupaci\u00f3n de 66%, Estado de M\u00e9xico 60% y Ciudad de M\u00e9xico 54%.<\/p>\n\n\n\n<p>Alom\u00eda Zegarra subray\u00f3 que de los 196 mil 847 mexicanos que dieron positivo a Covid-19, 113 mil 596 se han recuperado, lo que corresponde a 58% de los casos que fueron confirmados a la enfermedad.<\/p>\n\n\n\n<figure class=\"wp-block-embed-facebook wp-block-embed is-type-video is-provider-facebook\"><div class=\"wp-block-embed__wrapper\">\nhttps:\/\/www.facebook.com\/SecretariadeSaludMX\/videos\/588867915367748\/?epa=SEARCH_BOX\n<\/div><\/figure>\n","protected":false},"excerpt":{"rendered":"<p>Hay mil 894 defunciones sospechosas que esperan los resultados de las pruebas reactivas para ser confirmadas o descartadas.<\/p>\n","protected":false},"author":81,"featured_media":0,"comment_status":"closed","ping_status":"open","sticky":false,"template":"","format":"standard","meta":{"footnotes":""},"categories":[1],"tags":[],"class_list":["post-120306","post","type-post","status-publish","format-standard","hentry","category-uncategorized"],"_links":{"self":[{"href":"https:\/\/plazajuarez.mx\/historico\/wp-json\/wp\/v2\/posts\/120306","targetHints":{"allow":["GET"]}}],"collection":[{"href":"https:\/\/plazajuarez.mx\/historico\/wp-json\/wp\/v2\/posts"}],"about":[{"href":"https:\/\/plazajuarez.mx\/historico\/wp-json\/wp\/v2\/types\/post"}],"author":[{"embeddable":true,"href":"https:\/\/plazajuarez.mx\/historico\/wp-json\/wp\/v2\/users\/81"}],"replies":[{"embeddable":true,"href":"https:\/\/plazajuarez.mx\/historico\/wp-json\/wp\/v2\/comments?post=120306"}],"version-history":[{"count":0,"href":"https:\/\/plazajuarez.mx\/historico\/wp-json\/wp\/v2\/posts\/120306\/revisions"}],"wp:attachment":[{"href":"https:\/\/plazajuarez.mx\/historico\/wp-json\/wp\/v2\/media?parent=120306"}],"wp:term":[{"taxonomy":"category","embeddable":true,"href":"https:\/\/plazajuarez.mx\/historico\/wp-json\/wp\/v2\/categories?post=120306"},{"taxonomy":"post_tag","embeddable":true,"href":"https:\/\/plazajuarez.mx\/historico\/wp-json\/wp\/v2\/tags?post=120306"}],"curies":[{"name":"wp","href":"https:\/\/api.w.org\/{rel}","templated":true}]}}