{"id":120301,"date":"2020-06-24T16:36:19","date_gmt":"2020-06-24T21:36:19","guid":{"rendered":"https:\/\/plazajuarez.mx\/?p=120301"},"modified":"2020-06-24T16:36:33","modified_gmt":"2020-06-24T21:36:33","slug":"en-el-marco-del-dia-del-socorrista-cruz-roja-mexicana-lamenta-agresiones-a-personal-de-salud-ante-covid","status":"publish","type":"post","link":"https:\/\/plazajuarez.mx\/historico\/en-el-marco-del-dia-del-socorrista-cruz-roja-mexicana-lamenta-agresiones-a-personal-de-salud-ante-covid\/","title":{"rendered":"En el marco del D\u00eda del socorrista, Cruz Roja Mexicana lamenta agresiones a personal de salud ante Covid"},"content":{"rendered":"\n<ul class=\"wp-block-list\"><li><strong>En la c\u00e1mara de Diputados se revisar\u00e1 una iniciativa de ley que castigue las agresiones a profesionales de salud en el pa\u00eds.<\/strong><\/li><\/ul>\n\n\n\n<!--more-->\n\n\n\n<p>Al celebrar el D\u00eda del Socorrista, Fernando Suinaga C\u00e1rdenas, presidente nacional de Cruz Roja Mexicana, lament\u00f3 que durante la contingencia por Covid-19, param\u00e9dicos han sido agredidos, en su mayor\u00eda por familiares de los pacientes que deben ser trasladados a hospitales.\u00a0<\/p>\n\n\n\n<p>&#8220;Nos indignan las agresiones f\u00edsicas, emocionales y verbales que han sufrido nuestros param\u00e9dicos por parte de algunas personas que, por ignorancia atacan a nuestro personal; condenamos estas actitudes dirigidas no solamente a nuestros voluntarios, sino a cualquier personal de salud&#8221;, dijo.\u00a0<\/p>\n\n\n\n<p>Desde la sede nacional de la benem\u00e9rita, Suinaga C\u00e1rdenas anunci\u00f3 que en la c\u00e1mara de Diputados se revisar\u00e1 una iniciativa de ley que castigue las agresiones a profesionales de salud en el pa\u00eds.<\/p>\n\n\n\n<p>Asimismo,\u00a0entreg\u00f3 reconocimientos a param\u00e9dicos de la instituci\u00f3n por la labor que llevan a cabo durante la epidemia por el nuevo coronavirus.<\/p>\n\n\n\n<p>El presidente nacional detall\u00f3 que Cruz Roja Mexicana ha realizado 10 mil traslados de personas infectadas con Covid-19 y que a lo largo de todo el territorio nacional cuentan con un despliegue de 17 mil param\u00e9dicos que han sido capacitados para brindar atenci\u00f3n a personas con s\u00edntomas de la enfermedad que causa el Sars-CoV-2.\u00a0<\/p>\n\n\n\n<p>Agreg\u00f3 que en total 57 trabajadores de la instituci\u00f3n se han contagiado del virus y 4 han fallecido.<\/p>\n\n\n\n<p>&#8220;En total la labor de Cruz Roja ha beneficiado a m\u00e1s de 277 mil personas y en la actualidad apoyamos en Oaxaca tras los da\u00f1os provocados por el sismo de 7.5 grados del pasado martes&#8221;, dijo.<\/p>\n","protected":false},"excerpt":{"rendered":"<p>En la c\u00e1mara de Diputados se revisar\u00e1 una iniciativa de ley que castigue las agresiones a profesionales de salud en el pa\u00eds.<\/p>\n","protected":false},"author":81,"featured_media":0,"comment_status":"closed","ping_status":"open","sticky":false,"template":"","format":"standard","meta":{"footnotes":""},"categories":[15,36],"tags":[],"class_list":["post-120301","post","type-post","status-publish","format-standard","hentry","category-destacadas","category-nacion"],"_links":{"self":[{"href":"https:\/\/plazajuarez.mx\/historico\/wp-json\/wp\/v2\/posts\/120301","targetHints":{"allow":["GET"]}}],"collection":[{"href":"https:\/\/plazajuarez.mx\/historico\/wp-json\/wp\/v2\/posts"}],"about":[{"href":"https:\/\/plazajuarez.mx\/historico\/wp-json\/wp\/v2\/types\/post"}],"author":[{"embeddable":true,"href":"https:\/\/plazajuarez.mx\/historico\/wp-json\/wp\/v2\/users\/81"}],"replies":[{"embeddable":true,"href":"https:\/\/plazajuarez.mx\/historico\/wp-json\/wp\/v2\/comments?post=120301"}],"version-history":[{"count":0,"href":"https:\/\/plazajuarez.mx\/historico\/wp-json\/wp\/v2\/posts\/120301\/revisions"}],"wp:attachment":[{"href":"https:\/\/plazajuarez.mx\/historico\/wp-json\/wp\/v2\/media?parent=120301"}],"wp:term":[{"taxonomy":"category","embeddable":true,"href":"https:\/\/plazajuarez.mx\/historico\/wp-json\/wp\/v2\/categories?post=120301"},{"taxonomy":"post_tag","embeddable":true,"href":"https:\/\/plazajuarez.mx\/historico\/wp-json\/wp\/v2\/tags?post=120301"}],"curies":[{"name":"wp","href":"https:\/\/api.w.org\/{rel}","templated":true}]}}