{"id":120293,"date":"2020-06-24T14:54:32","date_gmt":"2020-06-24T19:54:32","guid":{"rendered":"https:\/\/plazajuarez.mx\/?p=120293"},"modified":"2020-06-24T14:54:46","modified_gmt":"2020-06-24T19:54:46","slug":"inicia-siembra-de-flor-de-cempasuchil-en-jaltocan","status":"publish","type":"post","link":"https:\/\/plazajuarez.mx\/historico\/inicia-siembra-de-flor-de-cempasuchil-en-jaltocan\/","title":{"rendered":"Inicia siembra de flor de cempas\u00fachil en Jaltoc\u00e1n"},"content":{"rendered":"\n<ul class=\"wp-block-list\"><li><strong>Siembran la flor con azad\u00f3n, y se debe regar con mucho cuidado para que est\u00e9 lista dentro de 5 meses.<\/strong><\/li><\/ul>\n\n\n\n<!--more-->\n\n\n\n<p><strong>Jaltoc\u00e1n Hgo.<\/strong>&#8211; Los campesinos inician con la siembra de flor de cempas\u00fachil, la cual estar\u00e1 lista en noviembre pr\u00f3ximo para su venta durante la celebraci\u00f3n de &#8220;D\u00eda de Muertos&#8221;, ya que es una fecha en que se acostumbra que los productores o familias riegan y siembran la flor de cempas\u00fachil para que est\u00e9 lista para este pr\u00f3ximo 2 de noviembre y poder celebrar el tradicional &#8220;Xantolo&#8221;<\/p>\n\n\n\n<p>En entrevista el se\u00f1or Juan Hern\u00e1ndez Garc\u00eda campesino de este municipio indic\u00f3 que la planta se cultiva en las parcelas para ser resguardada y es regada este 24 del presente mes, para que en los \u00faltimos d\u00edas de octubre est\u00e9 lista para su cosecha y pueda ser utilizada en los altares del d\u00eda de muertos as\u00ed como comercializada.<\/p>\n\n\n\n<p>Destac\u00f3 que siembran la flor con azad\u00f3n, y se debe regar con mucho cuidado para que est\u00e9 lista dentro de 5 meses.<\/p>\n\n\n\n<p>Enfatiz\u00f3 \u201cHoy es el \u00fanico d\u00eda en el que nos ense\u00f1aron nuestros antepasados en regar la flor para que en el mes de noviembre la planta est\u00e9 dando hermosas flores y esperan que esta temporada haya buena cosecha y no se escasee como ha pasado en ocasiones anteriores y puedan vender tanto en este municipio como en los aleda\u00f1os&#8221;.<\/p>\n\n\n\n<p>De igual forma, este 24 de junio es &#8220;D\u00eda de San Juan Bautista&#8221; y en el municipio se acostumbra ir a misa y posteriormente el 26 de junio visitar el pante\u00f3n donde la gente lleva comida y bebidas para pasar el d\u00eda a lado de sus familiares fallecidos, (cabe mencionar que por la contingencia est\u00e1 actividad fue suspendida por las autoridades municipales).<\/p>\n","protected":false},"excerpt":{"rendered":"<p>Siembran la flor con azad\u00f3n, y se debe regar con mucho cuidado para que est\u00e9 lista dentro de 5 meses.<\/p>\n","protected":false},"author":76,"featured_media":0,"comment_status":"closed","ping_status":"open","sticky":false,"template":"","format":"standard","meta":{"footnotes":""},"categories":[15,40],"tags":[],"class_list":["post-120293","post","type-post","status-publish","format-standard","hentry","category-destacadas","category-region"],"_links":{"self":[{"href":"https:\/\/plazajuarez.mx\/historico\/wp-json\/wp\/v2\/posts\/120293","targetHints":{"allow":["GET"]}}],"collection":[{"href":"https:\/\/plazajuarez.mx\/historico\/wp-json\/wp\/v2\/posts"}],"about":[{"href":"https:\/\/plazajuarez.mx\/historico\/wp-json\/wp\/v2\/types\/post"}],"author":[{"embeddable":true,"href":"https:\/\/plazajuarez.mx\/historico\/wp-json\/wp\/v2\/users\/76"}],"replies":[{"embeddable":true,"href":"https:\/\/plazajuarez.mx\/historico\/wp-json\/wp\/v2\/comments?post=120293"}],"version-history":[{"count":0,"href":"https:\/\/plazajuarez.mx\/historico\/wp-json\/wp\/v2\/posts\/120293\/revisions"}],"wp:attachment":[{"href":"https:\/\/plazajuarez.mx\/historico\/wp-json\/wp\/v2\/media?parent=120293"}],"wp:term":[{"taxonomy":"category","embeddable":true,"href":"https:\/\/plazajuarez.mx\/historico\/wp-json\/wp\/v2\/categories?post=120293"},{"taxonomy":"post_tag","embeddable":true,"href":"https:\/\/plazajuarez.mx\/historico\/wp-json\/wp\/v2\/tags?post=120293"}],"curies":[{"name":"wp","href":"https:\/\/api.w.org\/{rel}","templated":true}]}}