{"id":120290,"date":"2020-06-24T14:35:00","date_gmt":"2020-06-24T19:35:00","guid":{"rendered":"https:\/\/plazajuarez.mx\/?p=120290"},"modified":"2020-06-24T14:36:24","modified_gmt":"2020-06-24T19:36:24","slug":"lopez-obrador-confirma-que-pronto-se-reunira-con-trump-en-washington","status":"publish","type":"post","link":"https:\/\/plazajuarez.mx\/historico\/lopez-obrador-confirma-que-pronto-se-reunira-con-trump-en-washington\/","title":{"rendered":"L\u00f3pez Obrador confirma que &#8220;pronto&#8221; se reunir\u00e1 con Trump en Washington"},"content":{"rendered":"\n<ul class=\"wp-block-list\"><li><strong>&#8220;Tiene que llevarse a cabo en los primeros d\u00edas del inicio del tratado&#8221;, puntualiz\u00f3.<\/strong><\/li><\/ul>\n\n\n\n<!--more-->\n\n\n\n<p>El presidente de M\u00e9xico, Andr\u00e9s Manuel L\u00f3pez Obrador, confirm\u00f3 este mi\u00e9rcoles que es &#8220;muy probable&#8221; que se re\u00fana &#8220;pronto&#8221; con su hom\u00f3logo estadounidense, Donald Trump, en Washington con motivo de la entrada en vigor del acuerdo comercial T-MEC.<\/p>\n\n\n\n<p>&#8220;Es muy probable que vaya a Washington y me re\u00fana con el presidente Trump, y va a ser pronto&#8221;, dijo en una conferencia de prensa el d\u00eda despu\u00e9s de que el mandatario estadounidense anunciara que recibir\u00e1 a L\u00f3pez Obrador en la Casa Blanca.<\/p>\n\n\n\n<p>L\u00f3pez Obrador dijo que est\u00e1n trabajando para &#8220;definir el encuentro&#8221; y revel\u00f3 que le gustar\u00eda que participara tambi\u00e9n el primer ministro canadiense, Justin Trudeau, para escenificar la puesta en marcha del tratado comercial entre M\u00e9xico, Estados Unidos y Canad\u00e1 (T-MEC).<\/p>\n\n\n\n<p>&#8220;Como va a ser en Washington, estamos esperando que se haga la invitaci\u00f3n desde el Gobierno de Estados Unidos al Gobierno de Canad\u00e1. De todas maneras, nosotros vamos a asistir porque nos importa mucho el que podamos participar en el inicio de este acuerdo&#8221;, expres\u00f3 el presidente mexicano.<\/p>\n\n\n\n<p>L\u00f3pez Obrador descart\u00f3 que la reuni\u00f3n sea el 1 de julio, d\u00eda en el que entra en vigor el T-MEC, dado que en esa misma jornada se cumplir\u00e1n dos a\u00f1os de su victoria electoral, aunque asever\u00f3 que &#8220;puede ser inmediatamente despu\u00e9s&#8221;.<\/p>\n\n\n\n<p>&#8220;Tiene que llevarse a cabo en los primeros d\u00edas del inicio del tratado&#8221;, puntualiz\u00f3.<\/p>\n\n\n\n<p>Adem\u00e1s de celebrar el inicio del T-MEC, L\u00f3pez Obrador quiere estar en Washington para &#8220;agradecer al Gobierno de Estados Unidos y al presidente Trump el apoyo que hemos recibido para enfrentar la pandemia (de COVID-19) porque nos ayudaron a conseguir ventiladores&#8221;.<\/p>\n\n\n\n<p>&#8220;Ha habido por parte del Gobierno de Estados Unidos y el presidente Trump una relaci\u00f3n de respeto a nuestra soberan\u00eda, no hemos tenido con \u00e9l diferencia de fondo, ha sido respetuoso e incluso ha habido cooperaci\u00f3n&#8221;, dijo el mandatario mexicano.<\/p>\n\n\n\n<p>L\u00f3pez Obrador, del izquierdista Movimiento Regeneraci\u00f3n Nacional (Morena), ha mantenido una buena relaci\u00f3n con Trump, quien siempre describe en buenos t\u00e9rminos al presidente mexicano.<\/p>\n\n\n\n<p>M\u00e9xico firm\u00f3 hace un a\u00f1o un acuerdo de cooperaci\u00f3n con Estados Unidos para frenar los flujos migratorios despu\u00e9s de que Trump amenazara con imponer aranceles a los productos mexicanos, algo que L\u00f3pez Obrador rememor\u00f3 este mi\u00e9rcoles como un ejemplo de que ambos pa\u00edses apostaron por &#8220;la negociaci\u00f3n en vez de la confrontaci\u00f3n&#8221;.<\/p>\n\n\n\n<p>Posteriormente, en un mensaje en Twitter, el canciller mexicano, Marcelo Ebrard, indic\u00f3: &#8220;El Gobierno de M\u00e9xico ha propuesto que con motivo de la entrada en vigor del TMEC (1o de julio) pueda darse encuentro con los mandatarios de EE.UU. y Canad\u00e1 para iniciar una nueva etapa trilateral de bienestar y crecimiento econ\u00f3mico&#8221;.<\/p>\n\n\n\n<p>Y agreg\u00f3 que, desde la Secretar\u00eda de Relaciones Exteriores (SRE), estar\u00e1 &#8220;informando fechas y programa&#8221;.<\/p>\n\n\n\n<p>De visitar la Casa Blanca, ser\u00eda la primera vez que L\u00f3pez Obrador sale de M\u00e9xico desde que asumi\u00f3 el poder a finales de 2018 y se tratar\u00eda del primer encuentro que mantiene con su hom\u00f3logo estadounidense.<\/p>\n\n\n\n<p>Su predecesor, Enrique Pe\u00f1a Nieto, invit\u00f3 en 2016 a M\u00e9xico a Donald Trump, quien entonces era candidato republicano, en un encuentro pol\u00e9mico ya que por entonces el estadounidense ya hablaba de construir un muro en la frontera com\u00fan.<\/p>\n\n\n\n<p>A ra\u00edz de sus diferencias en la cuesti\u00f3n migratoria, Pe\u00f1a Nieto y Trump jam\u00e1s se reunieron cuando el estadounidense se convirti\u00f3 en presidente.<\/p>\n","protected":false},"excerpt":{"rendered":"<p>&#8220;Tiene que llevarse a cabo en los primeros d\u00edas del inicio del tratado&#8221;, puntualiz\u00f3.<\/p>\n","protected":false},"author":80,"featured_media":0,"comment_status":"closed","ping_status":"open","sticky":false,"template":"","format":"standard","meta":{"footnotes":""},"categories":[15,36],"tags":[],"class_list":["post-120290","post","type-post","status-publish","format-standard","hentry","category-destacadas","category-nacion"],"_links":{"self":[{"href":"https:\/\/plazajuarez.mx\/historico\/wp-json\/wp\/v2\/posts\/120290","targetHints":{"allow":["GET"]}}],"collection":[{"href":"https:\/\/plazajuarez.mx\/historico\/wp-json\/wp\/v2\/posts"}],"about":[{"href":"https:\/\/plazajuarez.mx\/historico\/wp-json\/wp\/v2\/types\/post"}],"author":[{"embeddable":true,"href":"https:\/\/plazajuarez.mx\/historico\/wp-json\/wp\/v2\/users\/80"}],"replies":[{"embeddable":true,"href":"https:\/\/plazajuarez.mx\/historico\/wp-json\/wp\/v2\/comments?post=120290"}],"version-history":[{"count":0,"href":"https:\/\/plazajuarez.mx\/historico\/wp-json\/wp\/v2\/posts\/120290\/revisions"}],"wp:attachment":[{"href":"https:\/\/plazajuarez.mx\/historico\/wp-json\/wp\/v2\/media?parent=120290"}],"wp:term":[{"taxonomy":"category","embeddable":true,"href":"https:\/\/plazajuarez.mx\/historico\/wp-json\/wp\/v2\/categories?post=120290"},{"taxonomy":"post_tag","embeddable":true,"href":"https:\/\/plazajuarez.mx\/historico\/wp-json\/wp\/v2\/tags?post=120290"}],"curies":[{"name":"wp","href":"https:\/\/api.w.org\/{rel}","templated":true}]}}