{"id":120287,"date":"2020-06-25T06:00:04","date_gmt":"2020-06-25T11:00:04","guid":{"rendered":"https:\/\/plazajuarez.mx\/?p=120287"},"modified":"2020-06-25T07:18:25","modified_gmt":"2020-06-25T12:18:25","slug":"fondo-google-diario-plaza-juarez","status":"publish","type":"post","link":"https:\/\/plazajuarez.mx\/historico\/fondo-google-diario-plaza-juarez\/","title":{"rendered":"Google incluye a Diario Plaza Ju\u00e1rez en su fondo de ayuda a medios"},"content":{"rendered":"\n<ul class=\"wp-block-list\"><li><strong>Lanzado a escala global, el fondo busca ofrecer una v\u00eda r\u00e1pida para obtener apoyo financiero en un momento cr\u00edtico por la pandemia del coronavirus<\/strong><\/li><\/ul>\n\n\n\n<!--more-->\n\n\n\n<p><a href=\"https:\/\/plazajuarez.mx\/historico\/historico\/\">Diario Plaza Ju\u00e1rez<\/a> fue seleccionado por Google para participar en el <a href=\"https:\/\/newsinitiative.withgoogle.com\/journalism-emergency-relief-fund\/\">Fondo de Ayuda de Emergencia <\/a>para el Periodismo a trav\u00e9s de la <a href=\"https:\/\/newsinitiative.withgoogle.com\/\">Google News Initiative<\/a>. <\/p>\n\n\n\n<p>El objetivo de esta iniciativa es apoyar el trabajo de medios peque\u00f1os o medianos que est\u00e9n generando informaci\u00f3n original, vinculada a la pandemia del COVID-19 y destinada a una audiencia local. <\/p>\n\n\n\n<p>Lanzado a escala global, el fondo busca ofrecer una v\u00eda r\u00e1pida para obtener apoyo financiero en un momento cr\u00edtico por la pandemia del coronavirus. <\/p>\n\n\n\n<p>Desde el inicio de esta convocatoria, el pasado mes de abril, la empresa Plaza Ju\u00e1rez particip\u00f3 con un proyecto digital que pretende informar a la ciudadan\u00eda, a trav\u00e9s de todas las plataformas, sobre el impacto que ha tenido el Covid-19 en el estado de Hidalgo. <\/p>\n\n\n\n<p>Seg\u00fan los datos, se recibieron cerca de cinco mil solicitudes, entre las cuales el Diario Plaza Ju\u00e1rez fue elegido por un equipo formado por personal de Google con conocimiento y experiencia en periodismo y edici\u00f3n digital. <\/p>\n\n\n\n<p><\/p>\n","protected":false},"excerpt":{"rendered":"<p>Lanzado a escala global, el fondo busca ofrecer una v\u00eda r\u00e1pida para obtener apoyo financiero en un momento cr\u00edtico por la pandemia del coronavirus<\/p>\n","protected":false},"author":93,"featured_media":0,"comment_status":"closed","ping_status":"open","sticky":false,"template":"","format":"standard","meta":{"footnotes":""},"categories":[15,59],"tags":[2131,1270,2130],"class_list":["post-120287","post","type-post","status-publish","format-standard","hentry","category-destacadas","category-general","tag-diario-plaza-juarez","tag-google","tag-google-news-initiative"],"_links":{"self":[{"href":"https:\/\/plazajuarez.mx\/historico\/wp-json\/wp\/v2\/posts\/120287","targetHints":{"allow":["GET"]}}],"collection":[{"href":"https:\/\/plazajuarez.mx\/historico\/wp-json\/wp\/v2\/posts"}],"about":[{"href":"https:\/\/plazajuarez.mx\/historico\/wp-json\/wp\/v2\/types\/post"}],"author":[{"embeddable":true,"href":"https:\/\/plazajuarez.mx\/historico\/wp-json\/wp\/v2\/users\/93"}],"replies":[{"embeddable":true,"href":"https:\/\/plazajuarez.mx\/historico\/wp-json\/wp\/v2\/comments?post=120287"}],"version-history":[{"count":0,"href":"https:\/\/plazajuarez.mx\/historico\/wp-json\/wp\/v2\/posts\/120287\/revisions"}],"wp:attachment":[{"href":"https:\/\/plazajuarez.mx\/historico\/wp-json\/wp\/v2\/media?parent=120287"}],"wp:term":[{"taxonomy":"category","embeddable":true,"href":"https:\/\/plazajuarez.mx\/historico\/wp-json\/wp\/v2\/categories?post=120287"},{"taxonomy":"post_tag","embeddable":true,"href":"https:\/\/plazajuarez.mx\/historico\/wp-json\/wp\/v2\/tags?post=120287"}],"curies":[{"name":"wp","href":"https:\/\/api.w.org\/{rel}","templated":true}]}}