{"id":120284,"date":"2020-06-24T11:19:55","date_gmt":"2020-06-24T16:19:55","guid":{"rendered":"https:\/\/plazajuarez.mx\/?p=120284"},"modified":"2020-06-24T11:20:10","modified_gmt":"2020-06-24T16:20:10","slug":"amparos-contra-tren-maya-tienen-tintes-politicos","status":"publish","type":"post","link":"https:\/\/plazajuarez.mx\/historico\/amparos-contra-tren-maya-tienen-tintes-politicos\/","title":{"rendered":"&#8220;Amparos contra Tren Maya tienen tintes pol\u00edticos&#8221;"},"content":{"rendered":"\n<ul class=\"wp-block-list\"><li><strong>El presidente Andr\u00e9s Manuel L\u00f3pez Obrador garantiz\u00f3 que si una autoridad del Poder Judicial ordena parar las obras del proyecto ferroviario su gobierno acatara la orden<\/strong><\/li><\/ul>\n\n\n\n<!--more-->\n\n\n\n<p>Luego de que un juez suspendiera la construcci\u00f3n del tramo del Tren Maya en Palenque, Chiapas tras un amparo, el presidente Andr\u00e9s Manuel L\u00f3pez Obrador garantiz\u00f3 que si una autoridad del Poder Judicial ordena parar las obras del proyecto ferroviario su gobierno acatara la orden, pero acus\u00f3 que estos amparos tienen tintes pol\u00edticos, y asegur\u00f3 que el tren utilizar\u00e1 energ\u00eda el\u00e9ctrica.<\/p>\n\n\n\n<p><br>En conferencia de prensa desde el Antiguo Palacio del Ayuntamiento de la Ciudad de M\u00e9xico, el titular del Ejecutivo federal se\u00f1al\u00f3 que con estas acciones legales &#8220;organizaciones no quieren que hagamos nada&#8221;.<\/p>\n\n\n\n<p><br>&#8220;Nosotros vamos a cumplir con los ordenamientos legales, si una autoridad del Poder Judicial, un juez, un magistrado nos ordena detener una obra, vamos a cumplir, vamos a hacerle caso, vamos a respetar a la autoridad. Todav\u00eda no sabemos que efectos tiene porque esto no se origina realmente por donde va a pasar el Tren Maya la promoci\u00f3n del amparo no son los que podr\u00edan resultar afectados o presuntamente afectados, no, son organizaciones, esto tiene tintes pol\u00edticos, son los que no quieren que hagamos nada&#8221;.<\/p>\n\n\n\n<p><br>Acompa\u00f1ado de su gabinete de seguridad, el mandatario record\u00f3 que cuando \u00e9l fue Jefe de Gobierno de la Ciudad de M\u00e9xico y se inici\u00f3 la construcci\u00f3n de los segundos pisos en la capital de la Rep\u00fablica tuvo que enfrentar la oposici\u00f3n a la construcci\u00f3n de los segundos pisos.<\/p>\n\n\n\n<p>Se opusieron medios de comunicaci\u00f3n, \u201cel Partido Acci\u00f3n Nacional (PAN), y hubieron amparos de un abogado distinguid\u00edsimo que respeto mucho, que en paz descanse, el licenciado Burgoa, no quer\u00edan que se construyeran el segundo piso se cumpli\u00f3 con todo el procedimiento y se hicieron los segundos pisos, ya luego nos copiaron, pero ya no es igual, porque ahora hasta cobran en ese entonces, era sin pago&#8221;.<\/p>\n\n\n\n<p><br>&#8220;Siempre hay eso, quisieran que no se hiciera nada para que nos se\u00f1alaran de que no estamos trabajando, as\u00ed son estas cosas&#8221;, coment\u00f3.<\/p>\n\n\n\n<p><br>El presidente L\u00f3pez Obrador consider\u00f3 que no se debe de detener la construcci\u00f3n del Tren Maya porque no hay raz\u00f3n, puesto que, se\u00f1al\u00f3, la obra se realiza sobre una v\u00eda de tren que data desde hace 80 a\u00f1os.<\/p>\n\n\n\n<p><br>Acompa\u00f1ado de la Jefa de gobierno de la Ciudad de M\u00e9xico, Claudia Sheinbaum, el Ejecutivo federal inform\u00f3 que el Tren Maya se desplazar\u00e1 a 160 kil\u00f3metros por hora y utilizar\u00e1 electricidad.<\/p>\n\n\n\n<p><br>&#8220;Nosotros cuidamos el medio ambiente, tiene las dos posibilidades (ser movido por diesel y electricidad) pero va a ser b\u00e1sicamente el\u00e9ctrico, moderno&#8221;, dijo.<\/p>\n","protected":false},"excerpt":{"rendered":"<p>El presidente Andr\u00e9s Manuel L\u00f3pez Obrador garantiz\u00f3 que si una autoridad del Poder Judicial ordena parar las obras del proyecto ferroviario su gobierno acatara la orden<\/p>\n","protected":false},"author":81,"featured_media":0,"comment_status":"closed","ping_status":"open","sticky":false,"template":"","format":"standard","meta":{"footnotes":""},"categories":[15,36],"tags":[],"class_list":["post-120284","post","type-post","status-publish","format-standard","hentry","category-destacadas","category-nacion"],"_links":{"self":[{"href":"https:\/\/plazajuarez.mx\/historico\/wp-json\/wp\/v2\/posts\/120284","targetHints":{"allow":["GET"]}}],"collection":[{"href":"https:\/\/plazajuarez.mx\/historico\/wp-json\/wp\/v2\/posts"}],"about":[{"href":"https:\/\/plazajuarez.mx\/historico\/wp-json\/wp\/v2\/types\/post"}],"author":[{"embeddable":true,"href":"https:\/\/plazajuarez.mx\/historico\/wp-json\/wp\/v2\/users\/81"}],"replies":[{"embeddable":true,"href":"https:\/\/plazajuarez.mx\/historico\/wp-json\/wp\/v2\/comments?post=120284"}],"version-history":[{"count":0,"href":"https:\/\/plazajuarez.mx\/historico\/wp-json\/wp\/v2\/posts\/120284\/revisions"}],"wp:attachment":[{"href":"https:\/\/plazajuarez.mx\/historico\/wp-json\/wp\/v2\/media?parent=120284"}],"wp:term":[{"taxonomy":"category","embeddable":true,"href":"https:\/\/plazajuarez.mx\/historico\/wp-json\/wp\/v2\/categories?post=120284"},{"taxonomy":"post_tag","embeddable":true,"href":"https:\/\/plazajuarez.mx\/historico\/wp-json\/wp\/v2\/tags?post=120284"}],"curies":[{"name":"wp","href":"https:\/\/api.w.org\/{rel}","templated":true}]}}