{"id":120281,"date":"2020-06-24T09:49:38","date_gmt":"2020-06-24T14:49:38","guid":{"rendered":"https:\/\/plazajuarez.mx\/?p=120281"},"modified":"2020-06-24T09:49:52","modified_gmt":"2020-06-24T14:49:52","slug":"sismo-fue-percibido-por-mas-de-46-millones-de-personas-pc","status":"publish","type":"post","link":"https:\/\/plazajuarez.mx\/historico\/sismo-fue-percibido-por-mas-de-46-millones-de-personas-pc\/","title":{"rendered":"Sismo fue percibido por m\u00e1s de 46 millones de personas: PC"},"content":{"rendered":"\n<ul class=\"wp-block-list\"><li><strong>Se contabilizan hasta el momento seis muertos \u2013todo en Oaxaca- y 23 lesionados<\/strong><\/li><\/ul>\n\n\n\n<!--more-->\n\n\n\n<p>David Le\u00f3n Romero, coordinador general de Protecci\u00f3n Civil, inform\u00f3 que a consecuencia del sismo magnitud 7.5 que se registr\u00f3 la ma\u00f1ana de ayer martes se contabilizan hasta el momento seis muertos \u2013todo en Oaxaca- y 23 lesionados.<\/p>\n\n\n\n<p><br>En conferencia de prensa, el titular de Protecci\u00f3n Civil, inform\u00f3 que el sismo fue percibido por m\u00e1s de 46 millones de personas y que hasta el momento se han registrado mil 571 r\u00e9plicas, siendo la mayor magnitud la que se registr\u00f3 a las 21:33 horas de ayer con una magnitud 5.5.<\/p>\n\n\n\n<p><br>Detall\u00f3 que tambi\u00e9n por el sismo hay 42 municipios con alg\u00fan tipo de afectaci\u00f3n, 2 mil 136 personas reportan afectaci\u00f3n a sus inmuebles y hasta el momento 534 viviendas se registran con afectaciones con alg\u00fan tipo de da\u00f1o, as\u00ed como 21 hospitales que registran da\u00f1os menores.<\/p>\n\n\n\n<p><br>&#8220;En cuanto a los efectos que ha dejado este sismo en el territorio lamentamos profundamente la p\u00e9rdida de seis vidas humanas en el estado de Oaxaca; en cuanto a personas lesionadas hemos registrado 23; 2 mil 136 personas que han tenido alguna afectaci\u00f3n en sus inmuebles, 534 viviendas con alg\u00fan tipo de da\u00f1os; da\u00f1os menores en 21 hospitales&#8221;.<\/p>\n\n\n\n<p><br>En el Antiguo Palacio del Ayuntamiento de la Ciudad de M\u00e9xico, el titular de Protecci\u00f3n Civil detall\u00f3 que se reportan tambi\u00e9n 139 personas albergadas en 12 albergues.<\/p>\n\n\n\n<p><br>Le\u00f3n inform\u00f3 que se contabilizaron 13 reportes de fallas en el servicio el\u00e9ctrico, lo cual, asegur\u00f3 se reestableci\u00f3 de inmediato, as\u00ed como el incendio en la refiner\u00eda &#8220;Antonio Doval\u00ed Jaime&#8221; en Salina Cruz, Oaxaca, el cual fue sofocado de inmediato.<\/p>\n\n\n\n<p><br>Indic\u00f3 que al segundo 10 de haberse generado el sismo, la Ciudad de M\u00e9xico ya hab\u00eda recibido una alerta, lo que ayud\u00f3 a que la poblaci\u00f3n de la capital desalojara viviendas e inmuebles para protegerse.<br><\/p>\n\n\n\n<p>Existe un sistema de alertamiento s\u00edsmico mexicano que el d\u00eda de ayer funcion\u00f3 casi a la perfecci\u00f3n. Un extraordinario esfuerzo de Ciudad de M\u00e9xico en Ciudad de M\u00e9xico&#8221;.<\/p>\n\n\n\n<p><br>Resalt\u00f3 que durante y tras el sismo se ha mantenido comunicaci\u00f3n estrecha con la jefa de Gobierno de la Ciudad de M\u00e9xico, Claudia Sheinbaum, y con el gobernador de Oaxaca, Alejandro Murat.<\/p>\n","protected":false},"excerpt":{"rendered":"<p>Se contabilizan hasta el momento seis muertos \u2013todo en Oaxaca- y 23 lesionados<\/p>\n","protected":false},"author":81,"featured_media":0,"comment_status":"closed","ping_status":"open","sticky":false,"template":"","format":"standard","meta":{"footnotes":""},"categories":[15,36],"tags":[],"class_list":["post-120281","post","type-post","status-publish","format-standard","hentry","category-destacadas","category-nacion"],"_links":{"self":[{"href":"https:\/\/plazajuarez.mx\/historico\/wp-json\/wp\/v2\/posts\/120281","targetHints":{"allow":["GET"]}}],"collection":[{"href":"https:\/\/plazajuarez.mx\/historico\/wp-json\/wp\/v2\/posts"}],"about":[{"href":"https:\/\/plazajuarez.mx\/historico\/wp-json\/wp\/v2\/types\/post"}],"author":[{"embeddable":true,"href":"https:\/\/plazajuarez.mx\/historico\/wp-json\/wp\/v2\/users\/81"}],"replies":[{"embeddable":true,"href":"https:\/\/plazajuarez.mx\/historico\/wp-json\/wp\/v2\/comments?post=120281"}],"version-history":[{"count":0,"href":"https:\/\/plazajuarez.mx\/historico\/wp-json\/wp\/v2\/posts\/120281\/revisions"}],"wp:attachment":[{"href":"https:\/\/plazajuarez.mx\/historico\/wp-json\/wp\/v2\/media?parent=120281"}],"wp:term":[{"taxonomy":"category","embeddable":true,"href":"https:\/\/plazajuarez.mx\/historico\/wp-json\/wp\/v2\/categories?post=120281"},{"taxonomy":"post_tag","embeddable":true,"href":"https:\/\/plazajuarez.mx\/historico\/wp-json\/wp\/v2\/tags?post=120281"}],"curies":[{"name":"wp","href":"https:\/\/api.w.org\/{rel}","templated":true}]}}