{"id":120033,"date":"2020-06-23T06:00:00","date_gmt":"2020-06-23T11:00:00","guid":{"rendered":"https:\/\/plazajuarez.mx\/?p=120033"},"modified":"2020-06-22T21:33:59","modified_gmt":"2020-06-23T02:33:59","slug":"cine-de-hoy-69","status":"publish","type":"post","link":"https:\/\/plazajuarez.mx\/historico\/cine-de-hoy-69\/","title":{"rendered":"CINE DE HOY"},"content":{"rendered":"\n<h2 class=\"wp-block-heading\">Guerrillera desaparecida<\/h2>\n\n\n\n<ul class=\"wp-block-list\"><li><strong>El documental sigue los pasos de Alejandra, una mujer de 39 a\u00f1os que es activista en Guadalajara<\/strong><\/li><\/ul>\n\n\n\n<!--more-->\n\n\n\n<p>Hasta fin de mes, el Festival Internacional de Cine de Morelia, ha subido gratuitamente en su p\u00e1gina de internet una serie de interesantes pel\u00edculas.<\/p>\n\n\n\n<p>Entre ellas nos encontramos el mediometraje Est\u00e1n en alg\u00fan sitio de Pablo T\u00e1mez.<\/p>\n\n\n\n<p>El documental sigue los pasos de Alejandra, una mujer de 39 a\u00f1os que es activista en Guadalajara, a la que su pasado la persigue. Sus padres fueron guerrilleros de la Liga 23 de septiembre.<\/p>\n\n\n\n<p>El fue ultimado por el ej\u00e9rcito, mientras su madre se dio a la fuga, encarg\u00e1ndola a unos compa\u00f1eros.<\/p>\n\n\n\n<p>Estos la criaron, pero la familia de su madre, la consigui\u00f3 localizar y saber que estaba a salvo en Guadalajara.<\/p>\n\n\n\n<p>Como todos ellos radican en el norte, la relaci\u00f3n se dio a distancia.<\/p>\n\n\n\n<p>Pero cuando su abuelita celebra 90 a\u00f1os, Alejandra decide ir a su festejo, y es abrazada por sus familiares que le dicen que se parece mucho a su madre.<\/p>\n\n\n\n<p>La guerrilla y los desaparecidos era un tema tab\u00fa para el cine, pero a \u00faltimas fechas se ha ido recuperando gracias a sensibles trabajos como Flor en otom\u00ed de Luisa Riley, o Alejandra o la inocencia de Vlady de Fabiana Medina sobre el mural en la biblioteca Lerdo de Tejada del pintor dedicado a una guerrillera ultimada por la polic\u00eda en Ciudad Universitaria.&nbsp;<\/p>\n\n\n\n<p>Tamez retrata el caso sin la poes\u00eda de sus antecesoras, pero acompa\u00f1ando a Alejandra en la b\u00fasqueda de su madre desaparecida.<\/p>\n","protected":false},"excerpt":{"rendered":"<p>Guerrillera desaparecida El documental sigue los pasos de Alejandra, una mujer de 39 a\u00f1os que es activista en Guadalajara<\/p>\n","protected":false},"author":96,"featured_media":0,"comment_status":"closed","ping_status":"open","sticky":false,"template":"","format":"standard","meta":{"footnotes":""},"categories":[41,54,42],"tags":[],"class_list":["post-120033","post","type-post","status-publish","format-standard","hentry","category-arteria-cultural","category-jorge-carrasco","category-nuestrapalabra"],"_links":{"self":[{"href":"https:\/\/plazajuarez.mx\/historico\/wp-json\/wp\/v2\/posts\/120033","targetHints":{"allow":["GET"]}}],"collection":[{"href":"https:\/\/plazajuarez.mx\/historico\/wp-json\/wp\/v2\/posts"}],"about":[{"href":"https:\/\/plazajuarez.mx\/historico\/wp-json\/wp\/v2\/types\/post"}],"author":[{"embeddable":true,"href":"https:\/\/plazajuarez.mx\/historico\/wp-json\/wp\/v2\/users\/96"}],"replies":[{"embeddable":true,"href":"https:\/\/plazajuarez.mx\/historico\/wp-json\/wp\/v2\/comments?post=120033"}],"version-history":[{"count":0,"href":"https:\/\/plazajuarez.mx\/historico\/wp-json\/wp\/v2\/posts\/120033\/revisions"}],"wp:attachment":[{"href":"https:\/\/plazajuarez.mx\/historico\/wp-json\/wp\/v2\/media?parent=120033"}],"wp:term":[{"taxonomy":"category","embeddable":true,"href":"https:\/\/plazajuarez.mx\/historico\/wp-json\/wp\/v2\/categories?post=120033"},{"taxonomy":"post_tag","embeddable":true,"href":"https:\/\/plazajuarez.mx\/historico\/wp-json\/wp\/v2\/tags?post=120033"}],"curies":[{"name":"wp","href":"https:\/\/api.w.org\/{rel}","templated":true}]}}