{"id":120032,"date":"2020-06-23T06:00:00","date_gmt":"2020-06-23T11:00:00","guid":{"rendered":"https:\/\/plazajuarez.mx\/?p=120032"},"modified":"2020-06-23T07:07:14","modified_gmt":"2020-06-23T12:07:14","slug":"historico-edificio-con-murales-de-picasso-al-borde-del-derribo","status":"publish","type":"post","link":"https:\/\/plazajuarez.mx\/historico\/historico-edificio-con-murales-de-picasso-al-borde-del-derribo\/","title":{"rendered":"Hist\u00f3rico edificio con murales de Picasso, al borde del derribo"},"content":{"rendered":"\n<ul class=\"wp-block-list\"><li><strong>La Direcci\u00f3n General de Obras P\u00fablicas (Statsbygg) ha comenzado a vaciar el interior<\/strong><\/li><\/ul>\n\n\n\n<!--more-->\n\n\n\n<p>El Bloque Y, hist\u00f3rico edificio de Oslo con murales de Picasso y objeto de un atentado en 2011, parece condenado al derribo tras a\u00f1os de movilizaciones, recursos administrativos, tr\u00e1mites parlamentarios y demandas judiciales.<\/p>\n\n\n\n<p>La Direcci\u00f3n General de Obras P\u00fablicas (Statsbygg) ha comenzado a vaciar el interior, planea retirar los murales -dos de los cinco dise\u00f1ados por el artista espa\u00f1ol para el complejo gubernamental en el que se incluye- en un mes y completar\u00e1 el derribo a fines de a\u00f1o.<\/p>\n\n\n\n<p>&#8220;Los pescadores&#8221;, que cubre la fachada, y &#8220;La gaviota&#8221; son fruto de la colaboraci\u00f3n entre Picasso, autor del dise\u00f1o, y el noruego Carl Nesjar, hechos ambos con la t\u00e9cnica de chorro de arena y los primeros murales monumentales ideados por el artista espa\u00f1ol.<\/p>\n\n\n\n<p>&#8220;Los murales est\u00e1n integrados en el edificio, son una unidad arquitect\u00f3nica. Es el conjunto lo que constituye la obra de arte, sacarlos y colgarlos en otro sitio es destruirla&#8221;, dice a Efe Ellen De Vibe, directora de planificaci\u00f3n urbana de Oslo de 1998 a 2019.<\/p>\n\n\n\n<p>De Vibe ha participado en las protestas iniciadas en 2014 por el Grupo de apoyo para conservar el Bloque Y, organizador de sentadas, manifestaciones y una acampada: hace dos meses fue una de las activistas que se encaden\u00f3 a su entrada, lo que le cost\u00f3 una multa.<\/p>\n\n\n\n<p>La importancia del Bloque Y, construido en 1969, es su condici\u00f3n de s\u00edmbolo de la creaci\u00f3n del estado de bienestar noruego, aparte de su valor arquitect\u00f3nico, sostiene De Vibe.<\/p>\n\n\n\n<p>&#8220;Tiene un gran valor simb\u00f3lico para la socialdemocracia y la reconstrucci\u00f3n de Noruega tras la II Guerra Mundial, v\u00ednculos con la ONU y la paz y es una memoria del 22 de julio&#8221;, dicen Kjersti Hembre y Hanne Sophie Claussen, portavoces del grupo, en referencia a los atentados cometidos por el ultraderechista Anders Behring Breivik.<\/p>\n\n\n\n<p>Breivik puso una bomba en el complejo gubernamental que mat\u00f3 a 8 personas y cometi\u00f3 luego en la isla de Ut\u00f8ya una masacre en el campamento de las Juventudes Laboristas, con 69 muertos.<\/p>\n","protected":false},"excerpt":{"rendered":"<p>La Direcci\u00f3n General de Obras P\u00fablicas (Statsbygg) ha comenzado a vaciar el interior<\/p>\n","protected":false},"author":80,"featured_media":0,"comment_status":"closed","ping_status":"open","sticky":false,"template":"","format":"standard","meta":{"footnotes":""},"categories":[41],"tags":[],"class_list":["post-120032","post","type-post","status-publish","format-standard","hentry","category-arteria-cultural"],"_links":{"self":[{"href":"https:\/\/plazajuarez.mx\/historico\/wp-json\/wp\/v2\/posts\/120032","targetHints":{"allow":["GET"]}}],"collection":[{"href":"https:\/\/plazajuarez.mx\/historico\/wp-json\/wp\/v2\/posts"}],"about":[{"href":"https:\/\/plazajuarez.mx\/historico\/wp-json\/wp\/v2\/types\/post"}],"author":[{"embeddable":true,"href":"https:\/\/plazajuarez.mx\/historico\/wp-json\/wp\/v2\/users\/80"}],"replies":[{"embeddable":true,"href":"https:\/\/plazajuarez.mx\/historico\/wp-json\/wp\/v2\/comments?post=120032"}],"version-history":[{"count":0,"href":"https:\/\/plazajuarez.mx\/historico\/wp-json\/wp\/v2\/posts\/120032\/revisions"}],"wp:attachment":[{"href":"https:\/\/plazajuarez.mx\/historico\/wp-json\/wp\/v2\/media?parent=120032"}],"wp:term":[{"taxonomy":"category","embeddable":true,"href":"https:\/\/plazajuarez.mx\/historico\/wp-json\/wp\/v2\/categories?post=120032"},{"taxonomy":"post_tag","embeddable":true,"href":"https:\/\/plazajuarez.mx\/historico\/wp-json\/wp\/v2\/tags?post=120032"}],"curies":[{"name":"wp","href":"https:\/\/api.w.org\/{rel}","templated":true}]}}