{"id":120031,"date":"2020-06-23T06:00:00","date_gmt":"2020-06-23T11:00:00","guid":{"rendered":"https:\/\/plazajuarez.mx\/?p=120031"},"modified":"2020-06-23T07:07:16","modified_gmt":"2020-06-23T12:07:16","slug":"bacon-y-picasso-protagonizaran-la-primera-subasta-global-virtual","status":"publish","type":"post","link":"https:\/\/plazajuarez.mx\/historico\/bacon-y-picasso-protagonizaran-la-primera-subasta-global-virtual\/","title":{"rendered":"Bacon y Picasso protagonizar\u00e1n la primera subasta global virtual"},"content":{"rendered":"\n<ul class=\"wp-block-list\"><li><strong>Sin la pandemia, la casa de subastas l\u00edder en su sector hubiera celebrado esta destacada venta a mediados de mayo<\/strong><\/li><\/ul>\n\n\n\n<!--more-->\n\n\n\n<p>La casa de subastas Sotheby&#8217;s present\u00f3 este lunes las importantes obras de arte que sacar\u00e1 al mercado en su primera venta digital global, su respuesta a la pandemia del coronavirus, y que est\u00e1 encabezada por codiciadas piezas de Francis Bacon, Pablo Picasso y Wifredo Lam.<\/p>\n\n\n\n<p>&#8220;Normalmente, este es un momento en el que les dar\u00edamos la bienvenida en nuestro edificio y los recibir\u00edamos para que vieran en persona lo que tenemos en nuestras galer\u00edas&#8221;, dijo en una presentaci\u00f3n virtual la directora de Artes Pl\u00e1sticas de Sotheby&#8217;s, Amy Cappelazzo.<\/p>\n\n\n\n<p>Sin la pandemia, la casa de subastas l\u00edder en su sector hubiera celebrado esta destacada venta a mediados de mayo en su lujosa sede del Upper East Side neoyorquino, como ha hecho hasta ahora todos los a\u00f1os.<\/p>\n\n\n\n<p>Esta vez, sin embargo, se tratar\u00e1 de un evento en el que el martillero estar\u00e1 pr\u00e1cticamente solo en una sala, frente a las c\u00e1maras y sin la compa\u00f1\u00eda de los millonarios compradores, que tendr\u00e1n que pujar a trav\u00e9s de la p\u00e1gina web de Sotheby&#8217;s o en conversaci\u00f3n telef\u00f3nica con representantes de la casa, distribuidos por 9 ciudades del mundo, entre ellas Ginebra, Par\u00eds, Mil\u00e1n, Chicago, Hong Kong o Palm Beach (Florida) .<\/p>\n\n\n\n<p>En el inusual evento, que arranca en Nueva York a las 19.00 hora local del 29 de junio, llamar\u00e1 sobretodo la atenci\u00f3n de los m\u00e1s acaudalados del planeta la venta de un tr\u00edptico del brit\u00e1nico Francis Bacon, &#8220;Tr\u00edptico inspirado en la Orest\u00edada de Esquilo&#8221; (1981), una monumental obra de casi 4,5 metros de ancho y dos metros de alto.<\/p>\n\n\n\n<p>Se trata de la primera vez que sale al mercado desde 1987, cuando fue vendida por la prestigiosa galer\u00eda de arte Marlborough a Hans Rasmus Astrup, un empresario y destacado coleccionista noruego.<\/p>\n\n\n\n<p>Seg\u00fan explic\u00f3 Gregoire Billaut, experto en arte contempor\u00e1neo de Sotheby&#8217;s, se trata de un ejemplar de los tan s\u00f3lo 28 tr\u00edpticos de este tipo que pint\u00f3 Bacon, de los cuales la mitad pertenecen ya a museos.<\/p>\n\n\n\n<p>Por este conjunto de razones, y porque en los \u00faltimos 35 a\u00f1os s\u00f3lo han salido a subasta otros 5 \u00f3 6 tr\u00edpticos de este tipo de Bacon, se estima que la pieza podr\u00eda venderse por un m\u00ednimo de 60 millones de d\u00f3lares y un m\u00e1ximo de 80.<\/p>\n\n\n\n<p>En arte contempor\u00e1neo, la subasta tambi\u00e9n ofrecer\u00e1 una destacada pieza de Jean-Michel Basquiat, &#8220;Untitled (Head)&#8221; de 1982, valorada entre 9 y 12 millones de d\u00f3lares y considerada una de las obras en papel m\u00e1s importantes del neoyorquino.<\/p>\n","protected":false},"excerpt":{"rendered":"<p>Sin la pandemia, la casa de subastas l\u00edder en su sector hubiera celebrado esta destacada venta a mediados de mayo<\/p>\n","protected":false},"author":80,"featured_media":0,"comment_status":"closed","ping_status":"open","sticky":false,"template":"","format":"standard","meta":{"footnotes":""},"categories":[41],"tags":[],"class_list":["post-120031","post","type-post","status-publish","format-standard","hentry","category-arteria-cultural"],"_links":{"self":[{"href":"https:\/\/plazajuarez.mx\/historico\/wp-json\/wp\/v2\/posts\/120031","targetHints":{"allow":["GET"]}}],"collection":[{"href":"https:\/\/plazajuarez.mx\/historico\/wp-json\/wp\/v2\/posts"}],"about":[{"href":"https:\/\/plazajuarez.mx\/historico\/wp-json\/wp\/v2\/types\/post"}],"author":[{"embeddable":true,"href":"https:\/\/plazajuarez.mx\/historico\/wp-json\/wp\/v2\/users\/80"}],"replies":[{"embeddable":true,"href":"https:\/\/plazajuarez.mx\/historico\/wp-json\/wp\/v2\/comments?post=120031"}],"version-history":[{"count":0,"href":"https:\/\/plazajuarez.mx\/historico\/wp-json\/wp\/v2\/posts\/120031\/revisions"}],"wp:attachment":[{"href":"https:\/\/plazajuarez.mx\/historico\/wp-json\/wp\/v2\/media?parent=120031"}],"wp:term":[{"taxonomy":"category","embeddable":true,"href":"https:\/\/plazajuarez.mx\/historico\/wp-json\/wp\/v2\/categories?post=120031"},{"taxonomy":"post_tag","embeddable":true,"href":"https:\/\/plazajuarez.mx\/historico\/wp-json\/wp\/v2\/tags?post=120031"}],"curies":[{"name":"wp","href":"https:\/\/api.w.org\/{rel}","templated":true}]}}