{"id":120007,"date":"2020-06-23T06:00:00","date_gmt":"2020-06-23T11:00:00","guid":{"rendered":"https:\/\/plazajuarez.mx\/?p=120007"},"modified":"2020-06-22T21:32:52","modified_gmt":"2020-06-23T02:32:52","slug":"se-multiplican-los-casos-de-covid-19-en-el-mundo-en-el-retorno-a-la-nueva-normalidad","status":"publish","type":"post","link":"https:\/\/plazajuarez.mx\/historico\/se-multiplican-los-casos-de-covid-19-en-el-mundo-en-el-retorno-a-la-nueva-normalidad\/","title":{"rendered":"Se multiplican los casos de Covid-19 en el mundo en el retorno a la Nueva Normalidad"},"content":{"rendered":"\n<p>Con m\u00e1s de 9 millones 118 mil 324 casos en el mundo y 473 mil 185 decesos por la pandemia del Covid-19, la Organizaci\u00f3n Mundial de la Salud (OMS) se ha declarado alarmada por la cantidad de nuevos casos que se han multiplicado en el planeta. En medio del regreso a la nueva normalidad y el caso omiso a los protocolos establecidos en los diferentes pa\u00edses para hacer frente al COVID-19, la OMS ha manifestado este lunes su preocupaci\u00f3n por el ascenso de nuevos casos registrados el domingo pasado; lo cual ha hecho que se lance un \u201cSOS\u201d al considerar que la pandemia se est\u00e1 acelerando.<\/p>\n\n\n\n<p>Lo absurdo y la ignorancia parece haberse apoderado del planeta frente al confinamiento de millones de seres humanos durante semanas. Ahora estamos viendo reaccionar a los gobiernos de los diferentes pa\u00edses como si la pandemia de coronavirus hubiera terminado, m\u00e1s preocupados por reactivar sus econom\u00edas que por preservar la vida de sus ciudadanos, frente a las presiones de la oposici\u00f3n y los cuestionamientos sobre la forma en que han hecho frente a la pandemia.<\/p>\n\n\n\n<p>Este lunes, la OMS fue contundente al precisar que los contagios se est\u00e1n acelerando, luego que advirtiera de un nuevo r\u00e9cord de casos en todo el mundo, los cuales hab\u00edan llegado el fin de semana a 183 mil 20 personas infectadas en s\u00f3lo 24 horas, 2 mil m\u00e1s que el r\u00e9cord anterior del 18 de junio. El viernes pasado, el Director General de la OMS, Tedros Adhanom, hab\u00eda dicho que la humanidad estaba entrando a una nueva y peligrosa fase, al iniciarse la desconfinaci\u00f3n de los ciudadanos en muchos pa\u00edses; incluso, al abrir sus fronteras y propiciar la vuelta a la normalidad en medio de la pandemia.<\/p>\n\n\n\n<p>La OMS ha se\u00f1alado que dos tercios de los nuevos casos se encuentran en la Am\u00e9rica. Los pa\u00edses de Am\u00e9rica parecen convertirse ahora en el epicentro de la pandemia, en buena medida porque en los Estados Unidos su presidente se siente inmune al COVID-19, ha desatendido todas las medidas aconsejadas por la OMS de la cual ha sacado a su pa\u00eds y sus fan\u00e1ticos seguidores creen estar cobijados con su inmunidad; mientras que el presidente brasile\u00f1o, Jair Bolsonaro, sigue los mismos pasos en Am\u00e9rica del Sur, ahora bajo los efectos del invierno.<\/p>\n\n\n\n<p>Brasil se ha convertido en el segundo pa\u00eds con m\u00e1s casos, 1 mill\u00f3n 90 mil 349, y muertos, 50 mil 737, detr\u00e1s de los Estados Unidos que acumulan ya 2 millones 377 mil 268 casos y 122 mil 528 muertos. De tal manera que, ahora el planeta parece estar dividido en dos, aquellos pa\u00edses que siguen luchando por contener la pandemia y donde los casos diarios, las hospitalizaciones y muertes tienden a disminuir en comparaci\u00f3n con los registros de abril a mayo, y aquellos pa\u00edses donde los casos y las muertes van en aumento a la par del proceso de desconfinamiento<\/p>\n\n\n\n<p>Los medios recogen la evoluci\u00f3n del Covid-19 en el mundo y presentan hoy a Am\u00e9rica Latina como la regi\u00f3n m\u00e1s afectada por la pandemia en el mundo. Si bien se supon\u00eda que la reacci\u00f3n de los gobiernos en Am\u00e9rica Latina permitir\u00eda enfrentar exitosamente la pandemia y reducir los contagios, hoy el Covid-19 est\u00e1 causando estragos y aumentando el n\u00famero de pobres en muchos pa\u00edses del subcontinente americano; no s\u00f3lo se trata de Bolsonaro y su desprecio por la vida en Brasil, sino de los efectos del invierno que est\u00e1n afectan a pa\u00edses como Per\u00fa, Chile, Ecuador y Argentina.<\/p>\n\n\n\n<p>En esta semana que concluy\u00f3, mientras que Brasil romp\u00eda el r\u00e9cord de 35 mil nuevos pacientes infectados en un d\u00eda, los datos en Per\u00fa, con apenas una poblaci\u00f3n de 32 millones, lo situaban como el segundo pa\u00eds de Am\u00e9rica Latina con m\u00e1s casos despu\u00e9s de Brasil, al contabilizar 257 mil 447 y 8 mil 223 muertes, seguido por Chile con 246 mil 963 casos y 4 mil 502 decesos; en tanto que M\u00e9xico llegaba a 180 mil 545 casos y 21 mil 825 muertos; Colombia a 68 mil 652 casos y 2 mil 237 p\u00e9rdidas humanas por el Covid-19; seguido este pa\u00eds por Ecuador, donde hay 50 mil 915 casos registrados oficialmente y 4 mil 246 muertes, pero donde se dice extraoficialmente que los fallecimientos superan ya&nbsp; 20 mil; de tal forma que es irrefutable la r\u00e1pida propagaci\u00f3n del virus.<\/p>\n\n\n\n<p>En el caso de nuestro pa\u00eds, desde principios de junio no ha parado el n\u00famero de muertos e infecciones. Por ahora, en M\u00e9xico se producen poco m\u00e1s de 4 mil casos nuevos por d\u00eda; sin embargo, en los Estados donde hay una mayor concentraci\u00f3n de la poblaci\u00f3n como la ciudad de M\u00e9xico, el Estado de M\u00e9xico y Nuevo Le\u00f3n, los espacios en los hospitales han comenzado a escasear; por lo cual, un regreso total a las actividades productivas, escolares y p\u00fablicas deber\u00eda ser detenidamente estudiado, para evitar una cat\u00e1strofe sanitaria.<\/p>\n","protected":false},"excerpt":{"rendered":"<p>Con m\u00e1s de 9 millones 118 mil 324 casos en el mundo y 473 mil 185 decesos por la pandemia del Covid-19, la Organizaci\u00f3n Mundial de la Salud (OMS) se ha declarado alarmada por la cantidad de nuevos casos que se han multiplicado en el planeta. En medio del regreso a la nueva normalidad y [&hellip;]<\/p>\n","protected":false},"author":84,"featured_media":0,"comment_status":"closed","ping_status":"open","sticky":false,"template":"","format":"standard","meta":{"footnotes":""},"categories":[45,42],"tags":[],"class_list":["post-120007","post","type-post","status-publish","format-standard","hentry","category-jose-luis-ortiz-santillan","category-nuestrapalabra"],"_links":{"self":[{"href":"https:\/\/plazajuarez.mx\/historico\/wp-json\/wp\/v2\/posts\/120007","targetHints":{"allow":["GET"]}}],"collection":[{"href":"https:\/\/plazajuarez.mx\/historico\/wp-json\/wp\/v2\/posts"}],"about":[{"href":"https:\/\/plazajuarez.mx\/historico\/wp-json\/wp\/v2\/types\/post"}],"author":[{"embeddable":true,"href":"https:\/\/plazajuarez.mx\/historico\/wp-json\/wp\/v2\/users\/84"}],"replies":[{"embeddable":true,"href":"https:\/\/plazajuarez.mx\/historico\/wp-json\/wp\/v2\/comments?post=120007"}],"version-history":[{"count":0,"href":"https:\/\/plazajuarez.mx\/historico\/wp-json\/wp\/v2\/posts\/120007\/revisions"}],"wp:attachment":[{"href":"https:\/\/plazajuarez.mx\/historico\/wp-json\/wp\/v2\/media?parent=120007"}],"wp:term":[{"taxonomy":"category","embeddable":true,"href":"https:\/\/plazajuarez.mx\/historico\/wp-json\/wp\/v2\/categories?post=120007"},{"taxonomy":"post_tag","embeddable":true,"href":"https:\/\/plazajuarez.mx\/historico\/wp-json\/wp\/v2\/tags?post=120007"}],"curies":[{"name":"wp","href":"https:\/\/api.w.org\/{rel}","templated":true}]}}