{"id":11999,"date":"2015-10-12T15:28:40","date_gmt":"2015-10-12T15:28:40","guid":{"rendered":"http:\/\/plazajuarez.mx\/index\/index.php\/2015\/10\/12\/pulso-del-mezquital\/"},"modified":"2020-04-14T22:32:29","modified_gmt":"2020-04-14T22:32:29","slug":"pulso-del-mezquital","status":"publish","type":"post","link":"https:\/\/plazajuarez.mx\/historico\/pulso-del-mezquital\/","title":{"rendered":"Pulso del Mezquital"},"content":{"rendered":"<p>Una polic\u00eda entregada al Se\u00f1or<\/p>\n<p>  <!--more-->  <\/p>\n<p>\u00a0<\/p>\n<p>Alguna vez ha escuchado aquella frase que hay que estar bien con Dios y no con los Santos, existe alguien que de plano se lo ha tomado muy apecho, aunque en realidad no es algo nuevo, recordaremos que existen alcaldes que han donado su territorio al todo poderoso, alguno hasta la Banda Presidencial le ha colocado, pas\u00e1ndose por el arco del triunfo, ese apartado de la Constituci\u00f3n sobre la separaci\u00f3n del Estado e Iglesia.<\/p>\n<p>El asunto de los planos celestiales, siempre ha sido un tema que intriga a los humanos, de qu\u00e9 habr\u00e1 despu\u00e9s de la muerte, nos cuestionamos sobre la luz que existe al fondo del t\u00fanel cuando San Pedro nos llama con sus llaves, o sobre si ser\u00e1 verdad que nos tocar\u00e1 ver a Chuch\u00edn y tener la oportunidad de pedir perd\u00f3n por nuestros pecados, en una de esas tambi\u00e9n nos acepta reclamos, devoluciones o quejas de por qu\u00e9 tan jodidamente nos trat\u00f3, en el amor, la salud o el dinero. Pero mientras son peras o manzanas, no queda de otra que aguantar, sentirnos culpables desde nuestro nacimiento por la muerte de un hombre hace unos 2 mil a\u00f1os.<\/p>\n<p>Mientras el debate se centra en la existencia de un plano m\u00e1s all\u00e1 de nuestra existencia, para no errarle, el director de seguridad p\u00fablica de Actopan, Juan Manuel Vizzuet Montufar, ha entregado la seguridad en manos del todopoderoso, insisto si hay quien le ha entregado su estado o municipio, un pu\u00f1ado de polic\u00edas es una nimiedad, lo cual ha desatado la pol\u00e9mica, debido a que en la comandancia existe hasta un sal\u00f3n lleno de detalles religiosos, donde los elementos polic\u00edacos cada ma\u00f1ana o cambio de turno, se tienen que echar su aleluya y su alabado, como parte de la rutina, ya despu\u00e9s pueden salir a la calle a mentar madres, sobar pistola o por su mordida, obviamente todo en nombre del Se\u00f1or, no es que uno los conozca o hable al tanteo, pero la corporaci\u00f3n de este municipio a nivel regional, ha sido de la m\u00e1s cuestionada en materia de corrupci\u00f3n y de estar infiltrada por el crimen organizado.<\/p>\n<p>El tema obviamente ha puesto a parir chayotes al presidente municipal, Gregorio Hern\u00e1ndez Serrano, quien jura y perjura, que su polic\u00eda no est\u00e1 sometida a un proceso de adoctrinamiento religioso, incluso asegura que ese es un asunto del pasado, que fue un detallito que ya fue superado, \u00a1ay aj\u00e1!; que s\u00ed pasaban cosas raras en Seguridad P\u00fablica, pero todo cambi\u00f3 desde que Derechos Humanos meti\u00f3 mano y se suspendieron todo tipo de ceremonias religiosas.<\/p>\n<p>De acuerdo al director de la polic\u00eda, gracias a estos mecanismos de alabanzas, lecturas b\u00edblicas y a los <em>coco wash<\/em> a los que son sometidos, hoy Actopan goza de los \u00edndices m\u00e1s bajos en incidencia delictiva.<\/p>\n<p>Todas estas cosas insisto, intrigan, aunque de un polic\u00eda se puede comprender que sostengan dudas existenciales, si partimos que su nivel de escolaridad m\u00e1xima es de preparatoria, si s\u00f3lo leen el libro vaquero, qui\u00e9n se ha robado mi queso o las novelas de Carlos Cuauht\u00e9moc S\u00e1nchez, su programa de televisi\u00f3n es, \u201cchico malo, chico malo\u201d y del cine se inclinan por pel\u00edculas de Lola la Tr\u00e1ilera, pero que un juez penal, con una alta preparaci\u00f3n acad\u00e9mica, responsabilidad moral, un ente de institucionalidad y fiel rector de la neutralidad, muestre su lado d\u00e9bil por la religi\u00f3n, haga procesiones, cargue la virgen y se arrodille ante un altar, pero adem\u00e1s lo difunda a trav\u00e9s de las redes sociales, no, pues estamos perdidos.<\/p>\n<p>Los asesores del juez penal de Mixquiahuala, Facundo Guerrero, aspirante a alcalde, diputado o lo que sea en Ixmiquilpan, han de tener manos de est\u00f3mago o de a tiro no lo quieren, miren que exhibirlo de esa manera.<\/p>\n<p><strong>En Corto:<\/strong><\/p>\n<p>* Esta semana, el gobierno del estado entablar\u00e1 una mesa de di\u00e1logo con vecinos de la colonia, Felipe \u00c1ngeles, Ixmiquilpan, para analizar el tema de 22 familias que ser\u00e1n desalojadas de un predio.<\/p>\n<p>S\u00edgueme en Twitter<\/p>\n<p>@angel_malvado<\/p>\n<p>Mi correo<\/p>\n<p>markorey2013@gmail.com<\/p>\n<p>\u00a0<\/p>\n","protected":false},"excerpt":{"rendered":"<p>Una polic\u00eda entregada al Se\u00f1or<\/p>\n","protected":false},"author":75,"featured_media":0,"comment_status":"open","ping_status":"open","sticky":false,"template":"","format":"standard","meta":{"footnotes":""},"categories":[87,42],"tags":[65],"class_list":["post-11999","post","type-post","status-publish","format-standard","hentry","category-marco-cabanas","category-nuestrapalabra","tag-marco-cabanas"],"_links":{"self":[{"href":"https:\/\/plazajuarez.mx\/historico\/wp-json\/wp\/v2\/posts\/11999","targetHints":{"allow":["GET"]}}],"collection":[{"href":"https:\/\/plazajuarez.mx\/historico\/wp-json\/wp\/v2\/posts"}],"about":[{"href":"https:\/\/plazajuarez.mx\/historico\/wp-json\/wp\/v2\/types\/post"}],"author":[{"embeddable":true,"href":"https:\/\/plazajuarez.mx\/historico\/wp-json\/wp\/v2\/users\/75"}],"replies":[{"embeddable":true,"href":"https:\/\/plazajuarez.mx\/historico\/wp-json\/wp\/v2\/comments?post=11999"}],"version-history":[{"count":0,"href":"https:\/\/plazajuarez.mx\/historico\/wp-json\/wp\/v2\/posts\/11999\/revisions"}],"wp:attachment":[{"href":"https:\/\/plazajuarez.mx\/historico\/wp-json\/wp\/v2\/media?parent=11999"}],"wp:term":[{"taxonomy":"category","embeddable":true,"href":"https:\/\/plazajuarez.mx\/historico\/wp-json\/wp\/v2\/categories?post=11999"},{"taxonomy":"post_tag","embeddable":true,"href":"https:\/\/plazajuarez.mx\/historico\/wp-json\/wp\/v2\/tags?post=11999"}],"curies":[{"name":"wp","href":"https:\/\/api.w.org\/{rel}","templated":true}]}}