{"id":11998,"date":"2015-10-12T15:28:06","date_gmt":"2015-10-12T15:28:06","guid":{"rendered":"http:\/\/plazajuarez.mx\/index\/index.php\/2015\/10\/12\/bajo-reserva-expres-10\/"},"modified":"2015-10-12T15:28:06","modified_gmt":"2015-10-12T15:28:06","slug":"bajo-reserva-expres-10","status":"publish","type":"post","link":"https:\/\/plazajuarez.mx\/historico\/bajo-reserva-expres-10\/","title":{"rendered":"Bajo Reserva Expr\u00e9s"},"content":{"rendered":"<p>PRI-PRD, una pugna en la C\u00e1mara de Diputados<\/p>\n<p>  <!--more-->  <\/p>\n<p>En la C\u00e1mara de Diputados existe una pugna para ver quien tiene el control del tema de las zonas econ\u00f3micas especiales planteadas por el Ejecutivo. <br \/>Nos comentan que en la Junta de Coordinaci\u00f3n Pol\u00edtica, que encabeza el pri\u00edsta C\u00e9sar Camacho, los legisladores del PRI est\u00e1n impulsando una Comisi\u00f3n Especial que atienda la iniciativa del presidente Enrique Pe\u00f1a Nieto sobre Zonas Econ\u00f3micas Especiales, que lleg\u00f3 al Palacio Legislativo de San L\u00e1zaro, el pasado 1 de octubre. <br \/>De lograr el consenso, nos dicen que la Comisi\u00f3n podr\u00eda ser presidida por la ex subprocuradora Mariana Ben\u00edtez, quien est\u00e1 en busca de la gubernatura de Oaxaca. <br \/>El conflicto est\u00e1 en que los perredistas tambi\u00e9n quieren que el tema de las Zonas Econ\u00f3micas Especiales est\u00e9 bajo su control. Nos comentan que al interior de la Jucopo est\u00e1n pugnando porque la iniciativa presidencial sea enviada a la Comisi\u00f3n de Competitividad que preside el perredista H\u00e9ctor Peralta. <br \/>El coordinador parlamentario del sol azteca, Francisco Mart\u00ednez Neri, asegur\u00f3: \u201cestamos por integrar en t\u00e9rminos legales una Comisi\u00f3n de Competitividad y Zonas Econ\u00f3micas Especiales, es decir, la Comisi\u00f3n de Competitividad se va a complementar con una de Zonas Econ\u00f3micas Especiales\u201d. <br \/>\u00bfPermitir\u00e1 el PRI al PRD el control de una iniciativa tan importante para el presidente?. \u00a0\u00a0 \u00a0\u00a0\u00a0 \u00a0<\/p>\n","protected":false},"excerpt":{"rendered":"<p>PRI-PRD, una pugna en la C\u00e1mara de Diputados<\/p>\n","protected":false},"author":93,"featured_media":0,"comment_status":"open","ping_status":"open","sticky":false,"template":"","format":"standard","meta":{"footnotes":""},"categories":[42],"tags":[],"class_list":["post-11998","post","type-post","status-publish","format-standard","hentry","category-nuestrapalabra"],"_links":{"self":[{"href":"https:\/\/plazajuarez.mx\/historico\/wp-json\/wp\/v2\/posts\/11998","targetHints":{"allow":["GET"]}}],"collection":[{"href":"https:\/\/plazajuarez.mx\/historico\/wp-json\/wp\/v2\/posts"}],"about":[{"href":"https:\/\/plazajuarez.mx\/historico\/wp-json\/wp\/v2\/types\/post"}],"author":[{"embeddable":true,"href":"https:\/\/plazajuarez.mx\/historico\/wp-json\/wp\/v2\/users\/93"}],"replies":[{"embeddable":true,"href":"https:\/\/plazajuarez.mx\/historico\/wp-json\/wp\/v2\/comments?post=11998"}],"version-history":[{"count":0,"href":"https:\/\/plazajuarez.mx\/historico\/wp-json\/wp\/v2\/posts\/11998\/revisions"}],"wp:attachment":[{"href":"https:\/\/plazajuarez.mx\/historico\/wp-json\/wp\/v2\/media?parent=11998"}],"wp:term":[{"taxonomy":"category","embeddable":true,"href":"https:\/\/plazajuarez.mx\/historico\/wp-json\/wp\/v2\/categories?post=11998"},{"taxonomy":"post_tag","embeddable":true,"href":"https:\/\/plazajuarez.mx\/historico\/wp-json\/wp\/v2\/tags?post=11998"}],"curies":[{"name":"wp","href":"https:\/\/api.w.org\/{rel}","templated":true}]}}