{"id":119978,"date":"2020-06-23T06:00:00","date_gmt":"2020-06-23T11:00:00","guid":{"rendered":"https:\/\/plazajuarez.mx\/?p=119978"},"modified":"2020-06-22T21:10:13","modified_gmt":"2020-06-23T02:10:13","slug":"tel-aviv-reconocera-a-parejas-homosexuales","status":"publish","type":"post","link":"https:\/\/plazajuarez.mx\/historico\/tel-aviv-reconocera-a-parejas-homosexuales\/","title":{"rendered":"Tel Aviv reconocer\u00e1 a parejas homosexuales"},"content":{"rendered":"\n<ul class=\"wp-block-list\"><li><strong>La decisi\u00f3n fue anunciada en el marco del mes del orgullo LGTB<\/strong><\/li><\/ul>\n\n\n\n<!--more-->\n\n\n\n<p>EFE.- La municipalidad de Tel Aviv-Yafo registrar\u00e1 parejas de hecho, incluyendo a personas del mismo sexo, a pesar de que esta figura no est\u00e1 reconocida en Israel, donde solo existe el matrimonio religioso.<\/p>\n\n\n\n<p>La decisi\u00f3n fue anunciada en el marco del mes del orgullo LGTB, que cada a\u00f1o celebran decenas de miles de personas en Tel Aviv, conocida por ser la ciudad m\u00e1s liberal y laica de Israel.<\/p>\n\n\n\n<p>&#8220;Esperamos que el Gobierno tambi\u00e9n se adentre en el siglo XXI y apruebe legislaci\u00f3n para reconocer los derechos de esta comunidad, como el derecho a contraer matrimonio&#8221;, manifest\u00f3 el alcalde de la ciudad, Ron Hulda\u00ed, a trav\u00e9s de su cuenta de Facebook.<\/p>\n","protected":false},"excerpt":{"rendered":"<p>La decisi\u00f3n fue anunciada en el marco del mes del orgullo LGTB<\/p>\n","protected":false},"author":80,"featured_media":0,"comment_status":"closed","ping_status":"open","sticky":false,"template":"","format":"standard","meta":{"footnotes":""},"categories":[31],"tags":[],"class_list":["post-119978","post","type-post","status-publish","format-standard","hentry","category-orbe"],"_links":{"self":[{"href":"https:\/\/plazajuarez.mx\/historico\/wp-json\/wp\/v2\/posts\/119978","targetHints":{"allow":["GET"]}}],"collection":[{"href":"https:\/\/plazajuarez.mx\/historico\/wp-json\/wp\/v2\/posts"}],"about":[{"href":"https:\/\/plazajuarez.mx\/historico\/wp-json\/wp\/v2\/types\/post"}],"author":[{"embeddable":true,"href":"https:\/\/plazajuarez.mx\/historico\/wp-json\/wp\/v2\/users\/80"}],"replies":[{"embeddable":true,"href":"https:\/\/plazajuarez.mx\/historico\/wp-json\/wp\/v2\/comments?post=119978"}],"version-history":[{"count":0,"href":"https:\/\/plazajuarez.mx\/historico\/wp-json\/wp\/v2\/posts\/119978\/revisions"}],"wp:attachment":[{"href":"https:\/\/plazajuarez.mx\/historico\/wp-json\/wp\/v2\/media?parent=119978"}],"wp:term":[{"taxonomy":"category","embeddable":true,"href":"https:\/\/plazajuarez.mx\/historico\/wp-json\/wp\/v2\/categories?post=119978"},{"taxonomy":"post_tag","embeddable":true,"href":"https:\/\/plazajuarez.mx\/historico\/wp-json\/wp\/v2\/tags?post=119978"}],"curies":[{"name":"wp","href":"https:\/\/api.w.org\/{rel}","templated":true}]}}